{"id":1400,"date":"2019-09-01T10:19:09","date_gmt":"2019-09-01T10:19:09","guid":{"rendered":"https:\/\/djk-fc-sesslach.de\/?p=1400"},"modified":"2019-09-01T10:19:09","modified_gmt":"2019-09-01T10:19:09","slug":"bittere-26-niederlage-fuer-unsere-erste-gegen-den-tsv-scherneck","status":"publish","type":"post","link":"https:\/\/djk-fc-sesslach.de\/index.php\/2019\/09\/01\/bittere-26-niederlage-fuer-unsere-erste-gegen-den-tsv-scherneck\/","title":{"rendered":"Bittere 2:6-Niederlage f\u00fcr unsere Erste gegen den TSV Scherneck"},"content":{"rendered":"<p>Eine bittere 2:6-Niederlage setzte es f\u00fcr unsere Erste gegen den TSV Scherneck. Nach einer total verschlafenen Anfangsphase lag man nach 20 Minuten bereits mit 1:5 zur\u00fcck. Der Rest war nur noch Schadensbegrenzung. Die Se\u00dflacher Tore erzielten Louis Piske und J\u00fcrgen R\u00f6\u00dfner.<br \/>\nEgal: Mund abwischen, aufstehen und am Sonntag in Eyrichshof wieder Vollgas geben.<br \/>\nUnd eine Bitte an unsere Fans: macht unsere junge Truppe nicht &#8222;runter&#8220;, sondern unterst\u00fctzt sie voll \u00fcber 90 Minuten &#8211; damit ist ihnen mehr geholfen!<\/p>\n","protected":false},"excerpt":{"rendered":"<p>Eine bittere 2:6-Niederlage setzte es f\u00fcr unsere Erste gegen den TSV Scherneck. Nach einer total verschlafenen Anfangsphase lag man nach 20 Minuten bereits mit 1:5 zur\u00fcck. Der Rest war nur noch Schadensbegrenzung. Die Se\u00dflacher Tore erzielten Louis Piske und J\u00fcrgen R\u00f6\u00dfner. Egal: Mund abwischen, aufstehen und am Sonntag in Eyrichshof wieder Vollgas geben. Und eine Bitte an unsere Fans: macht unsere junge Truppe nicht &#8222;runter&#8220;, sondern unterst\u00fctzt sie voll \u00fcber 90 Minuten &#8211; damit ist ihnen mehr geholfen!<\/p>\n","protected":false},"author":2,"featured_media":0,"comment_status":"closed","ping_status":"closed","sticky":false,"template":"","format":"standard","meta":{"footnotes":""},"categories":[3],"tags":[],"class_list":["post-1400","post","type-post","status-publish","format-standard","hentry","category-startseide"],"acf":[],"_links":{"self":[{"href":"https:\/\/djk-fc-sesslach.de\/index.php\/wp-json\/wp\/v2\/posts\/1400","targetHints":{"allow":["GET"]}}],"collection":[{"href":"https:\/\/djk-fc-sesslach.de\/index.php\/wp-json\/wp\/v2\/posts"}],"about":[{"href":"https:\/\/djk-fc-sesslach.de\/index.php\/wp-json\/wp\/v2\/types\/post"}],"author":[{"embeddable":true,"href":"https:\/\/djk-fc-sesslach.de\/index.php\/wp-json\/wp\/v2\/users\/2"}],"replies":[{"embeddable":true,"href":"https:\/\/djk-fc-sesslach.de\/index.php\/wp-json\/wp\/v2\/comments?post=1400"}],"version-history":[{"count":1,"href":"https:\/\/djk-fc-sesslach.de\/index.php\/wp-json\/wp\/v2\/posts\/1400\/revisions"}],"predecessor-version":[{"id":1401,"href":"https:\/\/djk-fc-sesslach.de\/index.php\/wp-json\/wp\/v2\/posts\/1400\/revisions\/1401"}],"wp:attachment":[{"href":"https:\/\/djk-fc-sesslach.de\/index.php\/wp-json\/wp\/v2\/media?parent=1400"}],"wp:term":[{"taxonomy":"category","embeddable":true,"href":"https:\/\/djk-fc-sesslach.de\/index.php\/wp-json\/wp\/v2\/categories?post=1400"},{"taxonomy":"post_tag","embeddable":true,"href":"https:\/\/djk-fc-sesslach.de\/index.php\/wp-json\/wp\/v2\/tags?post=1400"}],"curies":[{"name":"wp","href":"https:\/\/api.w.org\/{rel}","templated":true}]}}