{"id":1403,"date":"2019-09-01T18:21:24","date_gmt":"2019-09-01T18:21:24","guid":{"rendered":"https:\/\/djk-fc-sesslach.de\/?p=1403"},"modified":"2019-09-01T18:21:24","modified_gmt":"2019-09-01T18:21:24","slug":"djk-fc-i-mit-70-kantersieg-in-eyrichshof","status":"publish","type":"post","link":"https:\/\/djk-fc-sesslach.de\/index.php\/2019\/09\/01\/djk-fc-i-mit-70-kantersieg-in-eyrichshof\/","title":{"rendered":"DJK\/FC I mit 7:0-Kantersieg in Eyrichshof"},"content":{"rendered":"<p>SG Eyrichshof\/Ebern 2 &#8211; DJK\/FC\u00a0 Se\u00dflach\u00a0 \u00a07:0 (5:0)<\/p>\n<p>&nbsp;<\/p>\n<p>Se\u00dflach zeigt nach der Niederlage gegen Scherneck eine Reaktion und siegt in Eyrichshof mit 7:0. Nach kurzer Anlaufphase er\u00f6ffnete Fabian Kestel den Torreigen. Mit einem herrlichen Schlenzer in den Winkel stellte Basti M\u00fcller auf 2:0. Nach weiteren Treffern von Julian Lippoldt, Leonard Witter und J\u00fcrgen R\u00f6\u00dfner ging es mit 5:0 in die Halbzeitpause.<\/p>\n<p>Nach dem Seitenwechsel lie\u00dfen es die Se\u00dflacher etwas ruhiger angehen. Am Ende stellte Dreierpacker Basti M\u00fcller mit zwei weiteren Treffern den 7:0-Endstand her.<\/p>\n","protected":false},"excerpt":{"rendered":"<p>SG Eyrichshof\/Ebern 2 &#8211; DJK\/FC\u00a0 Se\u00dflach\u00a0 \u00a07:0 (5:0) &nbsp; Se\u00dflach zeigt nach der Niederlage gegen Scherneck eine Reaktion und siegt in Eyrichshof mit 7:0. Nach kurzer Anlaufphase er\u00f6ffnete Fabian Kestel den Torreigen. Mit einem herrlichen Schlenzer in den Winkel stellte Basti M\u00fcller auf 2:0. Nach weiteren Treffern von Julian Lippoldt, Leonard Witter und J\u00fcrgen R\u00f6\u00dfner ging es mit 5:0 in die Halbzeitpause. Nach dem Seitenwechsel lie\u00dfen es die Se\u00dflacher etwas ruhiger angehen. Am Ende stellte Dreierpacker Basti M\u00fcller mit zwei weiteren Treffern den 7:0-Endstand her.<\/p>\n","protected":false},"author":2,"featured_media":0,"comment_status":"closed","ping_status":"closed","sticky":false,"template":"","format":"standard","meta":{"footnotes":""},"categories":[3],"tags":[],"class_list":["post-1403","post","type-post","status-publish","format-standard","hentry","category-startseide"],"acf":[],"_links":{"self":[{"href":"https:\/\/djk-fc-sesslach.de\/index.php\/wp-json\/wp\/v2\/posts\/1403","targetHints":{"allow":["GET"]}}],"collection":[{"href":"https:\/\/djk-fc-sesslach.de\/index.php\/wp-json\/wp\/v2\/posts"}],"about":[{"href":"https:\/\/djk-fc-sesslach.de\/index.php\/wp-json\/wp\/v2\/types\/post"}],"author":[{"embeddable":true,"href":"https:\/\/djk-fc-sesslach.de\/index.php\/wp-json\/wp\/v2\/users\/2"}],"replies":[{"embeddable":true,"href":"https:\/\/djk-fc-sesslach.de\/index.php\/wp-json\/wp\/v2\/comments?post=1403"}],"version-history":[{"count":1,"href":"https:\/\/djk-fc-sesslach.de\/index.php\/wp-json\/wp\/v2\/posts\/1403\/revisions"}],"predecessor-version":[{"id":1404,"href":"https:\/\/djk-fc-sesslach.de\/index.php\/wp-json\/wp\/v2\/posts\/1403\/revisions\/1404"}],"wp:attachment":[{"href":"https:\/\/djk-fc-sesslach.de\/index.php\/wp-json\/wp\/v2\/media?parent=1403"}],"wp:term":[{"taxonomy":"category","embeddable":true,"href":"https:\/\/djk-fc-sesslach.de\/index.php\/wp-json\/wp\/v2\/categories?post=1403"},{"taxonomy":"post_tag","embeddable":true,"href":"https:\/\/djk-fc-sesslach.de\/index.php\/wp-json\/wp\/v2\/tags?post=1403"}],"curies":[{"name":"wp","href":"https:\/\/api.w.org\/{rel}","templated":true}]}}