{"id":1916,"date":"2020-05-07T09:47:06","date_gmt":"2020-05-07T08:47:06","guid":{"rendered":"https:\/\/djk-fc-sesslach.de\/?p=1916"},"modified":"2020-06-09T11:59:34","modified_gmt":"2020-06-09T10:59:34","slug":"jahreshauptversammlung-muss-erneut-verschoben-werden-sportbetrieb-ruht-weiterhin","status":"publish","type":"post","link":"https:\/\/djk-fc-sesslach.de\/index.php\/2020\/05\/07\/jahreshauptversammlung-muss-erneut-verschoben-werden-sportbetrieb-ruht-weiterhin\/","title":{"rendered":"Jahreshauptversammlung muss erneut verschoben werden"},"content":{"rendered":"<p>Da die von der Politik verordneten Kontaktbeschr\u00e4nkungen noch mindestens bis zum 05.06.2020 bestehen werden, m\u00fcssen wir die f\u00fcr den 29.05.2020 vorgesehene Jahreshauptversammlung mit Neuwahlen leider erneut verschieben. Der neue Termin steht noch nicht fest. Wir hoffen aber, dass wir die Versammlung dann doch bis sp\u00e4testens Ende Juli \u00fcber die B\u00fchne bringen.<\/p>\n<p>Sobald ein Termin m\u00f6glich ist und feststeht, erfolgt 14 Tage vorher die Einladung \u00fcber alle m\u00f6glichen Medien.<\/p>\n","protected":false},"excerpt":{"rendered":"<p>Da die von der Politik verordneten Kontaktbeschr\u00e4nkungen noch mindestens bis zum 05.06.2020 bestehen werden, m\u00fcssen wir die f\u00fcr den 29.05.2020 vorgesehene Jahreshauptversammlung mit Neuwahlen leider erneut verschieben. Der neue Termin steht noch nicht fest. Wir hoffen aber, dass wir die Versammlung dann doch bis sp\u00e4testens Ende Juli \u00fcber die B\u00fchne bringen. Sobald ein Termin m\u00f6glich ist und feststeht, erfolgt 14 Tage vorher die Einladung \u00fcber alle m\u00f6glichen Medien.<\/p>\n","protected":false},"author":2,"featured_media":0,"comment_status":"closed","ping_status":"closed","sticky":false,"template":"","format":"standard","meta":{"footnotes":""},"categories":[20],"tags":[],"class_list":["post-1916","post","type-post","status-publish","format-standard","hentry","category-news-2020"],"acf":[],"_links":{"self":[{"href":"https:\/\/djk-fc-sesslach.de\/index.php\/wp-json\/wp\/v2\/posts\/1916","targetHints":{"allow":["GET"]}}],"collection":[{"href":"https:\/\/djk-fc-sesslach.de\/index.php\/wp-json\/wp\/v2\/posts"}],"about":[{"href":"https:\/\/djk-fc-sesslach.de\/index.php\/wp-json\/wp\/v2\/types\/post"}],"author":[{"embeddable":true,"href":"https:\/\/djk-fc-sesslach.de\/index.php\/wp-json\/wp\/v2\/users\/2"}],"replies":[{"embeddable":true,"href":"https:\/\/djk-fc-sesslach.de\/index.php\/wp-json\/wp\/v2\/comments?post=1916"}],"version-history":[{"count":2,"href":"https:\/\/djk-fc-sesslach.de\/index.php\/wp-json\/wp\/v2\/posts\/1916\/revisions"}],"predecessor-version":[{"id":1921,"href":"https:\/\/djk-fc-sesslach.de\/index.php\/wp-json\/wp\/v2\/posts\/1916\/revisions\/1921"}],"wp:attachment":[{"href":"https:\/\/djk-fc-sesslach.de\/index.php\/wp-json\/wp\/v2\/media?parent=1916"}],"wp:term":[{"taxonomy":"category","embeddable":true,"href":"https:\/\/djk-fc-sesslach.de\/index.php\/wp-json\/wp\/v2\/categories?post=1916"},{"taxonomy":"post_tag","embeddable":true,"href":"https:\/\/djk-fc-sesslach.de\/index.php\/wp-json\/wp\/v2\/tags?post=1916"}],"curies":[{"name":"wp","href":"https:\/\/api.w.org\/{rel}","templated":true}]}}