{"id":1919,"date":"2020-05-11T08:01:40","date_gmt":"2020-05-11T07:01:40","guid":{"rendered":"https:\/\/djk-fc-sesslach.de\/?p=1919"},"modified":"2020-06-09T11:59:44","modified_gmt":"2020-06-09T10:59:44","slug":"aktuelle-info-trainingsbetrieb-der-fussballer-ruht-vorerst-weiter","status":"publish","type":"post","link":"https:\/\/djk-fc-sesslach.de\/index.php\/2020\/05\/11\/aktuelle-info-trainingsbetrieb-der-fussballer-ruht-vorerst-weiter\/","title":{"rendered":"Aktuelle Info: Trainingsbetrieb der Fu\u00dfballer ruht vorerst weiter"},"content":{"rendered":"<p>Auch wenn ab 11.05.2020 das Training f\u00fcr unsere Fu\u00dfballer in Kleinstgruppen m\u00f6glich w\u00e4re, werden wir weiterhin auf einen Trainingsbetrieb verzichten. Da der Restart der Saison fr\u00fchestens erst nach dem 01.09.2020 erfolgen wird und auf Grund der Vielzahl von Auflagen, die f\u00fcr den Trainingsbetrieb notwendig w\u00e4ren (u.a. \u00d6ffnung des Sportplatzes durch die Kommune), sehen wir derzeit den Start des Trainingsbetriebs als nicht sinnvoll an.<\/p>\n","protected":false},"excerpt":{"rendered":"<p>Auch wenn ab 11.05.2020 das Training f\u00fcr unsere Fu\u00dfballer in Kleinstgruppen m\u00f6glich w\u00e4re, werden wir weiterhin auf einen Trainingsbetrieb verzichten. Da der Restart der Saison fr\u00fchestens erst nach dem 01.09.2020 erfolgen wird und auf Grund der Vielzahl von Auflagen, die f\u00fcr den Trainingsbetrieb notwendig w\u00e4ren (u.a. \u00d6ffnung des Sportplatzes durch die Kommune), sehen wir derzeit den Start des Trainingsbetriebs als nicht sinnvoll an.<\/p>\n","protected":false},"author":2,"featured_media":0,"comment_status":"closed","ping_status":"closed","sticky":false,"template":"","format":"standard","meta":{"footnotes":""},"categories":[20],"tags":[],"class_list":["post-1919","post","type-post","status-publish","format-standard","hentry","category-news-2020"],"acf":[],"_links":{"self":[{"href":"https:\/\/djk-fc-sesslach.de\/index.php\/wp-json\/wp\/v2\/posts\/1919","targetHints":{"allow":["GET"]}}],"collection":[{"href":"https:\/\/djk-fc-sesslach.de\/index.php\/wp-json\/wp\/v2\/posts"}],"about":[{"href":"https:\/\/djk-fc-sesslach.de\/index.php\/wp-json\/wp\/v2\/types\/post"}],"author":[{"embeddable":true,"href":"https:\/\/djk-fc-sesslach.de\/index.php\/wp-json\/wp\/v2\/users\/2"}],"replies":[{"embeddable":true,"href":"https:\/\/djk-fc-sesslach.de\/index.php\/wp-json\/wp\/v2\/comments?post=1919"}],"version-history":[{"count":1,"href":"https:\/\/djk-fc-sesslach.de\/index.php\/wp-json\/wp\/v2\/posts\/1919\/revisions"}],"predecessor-version":[{"id":1920,"href":"https:\/\/djk-fc-sesslach.de\/index.php\/wp-json\/wp\/v2\/posts\/1919\/revisions\/1920"}],"wp:attachment":[{"href":"https:\/\/djk-fc-sesslach.de\/index.php\/wp-json\/wp\/v2\/media?parent=1919"}],"wp:term":[{"taxonomy":"category","embeddable":true,"href":"https:\/\/djk-fc-sesslach.de\/index.php\/wp-json\/wp\/v2\/categories?post=1919"},{"taxonomy":"post_tag","embeddable":true,"href":"https:\/\/djk-fc-sesslach.de\/index.php\/wp-json\/wp\/v2\/tags?post=1919"}],"curies":[{"name":"wp","href":"https:\/\/api.w.org\/{rel}","templated":true}]}}