{"id":1942,"date":"2020-06-07T13:27:10","date_gmt":"2020-06-07T12:27:10","guid":{"rendered":"https:\/\/djk-fc-sesslach.de\/?p=1942"},"modified":"2020-07-07T16:10:47","modified_gmt":"2020-07-07T15:10:47","slug":"training-auch-indoor-wieder-moeglich","status":"publish","type":"post","link":"https:\/\/djk-fc-sesslach.de\/index.php\/2020\/06\/07\/training-auch-indoor-wieder-moeglich\/","title":{"rendered":"Training &#8211; auch Indoor &#8211; wieder m\u00f6glich"},"content":{"rendered":"<p style=\"text-align: center;\">Seit Montag, 08.06.2020 ist das Training &#8211; auch Indoor &#8211; unter strengen Hygiene- und Sicherheitsregeln wieder m\u00f6glich. Hier jeweils eine \u00dcbersicht f\u00fcr In- und Outdoor:<\/p>\n<p style=\"text-align: center;\">\n\t\t<div class=\"wppdfemb-frame-container-1\" style=\"-webkit-overflow-scrolling:auto;\">\n\t\t\t<iframe class=\"pdfembed-iframe nonfullscreen wppdf-emb-iframe-1\"\n\t\t\t\tsrc=\"https:\/\/djk-fc-sesslach.de\/?pdfemb-data=eyJ1cmwiOiJodHRwczpcL1wvZGprLWZjLXNlc3NsYWNoLmRlXC93cC1jb250ZW50XC91cGxvYWRzXC8yMDIwXC8wNlwvUGxha2F0X1Nwb3J0YmV0cmllYl9JbmRvb3IucGRmIiwiaW5kZXgiOjEsInBkZklEIjoxOTU5fQ\"\n\t\t\t\tdata-pdf-id=\"1959\"\n\t\t\t\tdata-pdf-index=\"1\"\n\t\t\t\tstyle=\"border:none;width:100%;max-width:1050px;height:800px;\"\n\t\t\t\tscrolling=\"yes\">\n\t\t\t<\/iframe>\n\t\t<\/div>\n\n\t\t<\/p>\n<p style=\"text-align: center;\">\n\t\t<div class=\"wppdfemb-frame-container-2\" style=\"-webkit-overflow-scrolling:auto;\">\n\t\t\t<iframe class=\"pdfembed-iframe nonfullscreen wppdf-emb-iframe-2\"\n\t\t\t\tsrc=\"https:\/\/djk-fc-sesslach.de\/?pdfemb-data=eyJ1cmwiOiJodHRwczpcL1wvZGprLWZjLXNlc3NsYWNoLmRlXC93cC1jb250ZW50XC91cGxvYWRzXC8yMDIwXC8wNlwvUGxha2F0X1Nwb3J0YmV0cmllYl9PdXRkb29yLTEucGRmIiwiaW5kZXgiOjIsInBkZklEIjoxOTYwfQ\"\n\t\t\t\tdata-pdf-id=\"1960\"\n\t\t\t\tdata-pdf-index=\"2\"\n\t\t\t\tstyle=\"border:none;width:100%;max-width:1050px;height:800px;\"\n\t\t\t\tscrolling=\"yes\">\n\t\t\t<\/iframe>\n\t\t<\/div>\n\n\t\t<\/p>\n<p style=\"text-align: center;\">\n","protected":false},"excerpt":{"rendered":"<p>Seit Montag, 08.06.2020 ist das Training &#8211; auch Indoor &#8211; unter strengen Hygiene- und Sicherheitsregeln wieder m\u00f6glich. Hier jeweils eine \u00dcbersicht f\u00fcr In- und Outdoor:<\/p>\n","protected":false},"author":2,"featured_media":0,"comment_status":"closed","ping_status":"closed","sticky":false,"template":"","format":"standard","meta":{"footnotes":""},"categories":[20],"tags":[],"class_list":["post-1942","post","type-post","status-publish","format-standard","hentry","category-news-2020"],"acf":[],"_links":{"self":[{"href":"https:\/\/djk-fc-sesslach.de\/index.php\/wp-json\/wp\/v2\/posts\/1942","targetHints":{"allow":["GET"]}}],"collection":[{"href":"https:\/\/djk-fc-sesslach.de\/index.php\/wp-json\/wp\/v2\/posts"}],"about":[{"href":"https:\/\/djk-fc-sesslach.de\/index.php\/wp-json\/wp\/v2\/types\/post"}],"author":[{"embeddable":true,"href":"https:\/\/djk-fc-sesslach.de\/index.php\/wp-json\/wp\/v2\/users\/2"}],"replies":[{"embeddable":true,"href":"https:\/\/djk-fc-sesslach.de\/index.php\/wp-json\/wp\/v2\/comments?post=1942"}],"version-history":[{"count":5,"href":"https:\/\/djk-fc-sesslach.de\/index.php\/wp-json\/wp\/v2\/posts\/1942\/revisions"}],"predecessor-version":[{"id":1962,"href":"https:\/\/djk-fc-sesslach.de\/index.php\/wp-json\/wp\/v2\/posts\/1942\/revisions\/1962"}],"wp:attachment":[{"href":"https:\/\/djk-fc-sesslach.de\/index.php\/wp-json\/wp\/v2\/media?parent=1942"}],"wp:term":[{"taxonomy":"category","embeddable":true,"href":"https:\/\/djk-fc-sesslach.de\/index.php\/wp-json\/wp\/v2\/categories?post=1942"},{"taxonomy":"post_tag","embeddable":true,"href":"https:\/\/djk-fc-sesslach.de\/index.php\/wp-json\/wp\/v2\/tags?post=1942"}],"curies":[{"name":"wp","href":"https:\/\/api.w.org\/{rel}","templated":true}]}}