{"id":1977,"date":"2020-07-19T11:40:31","date_gmt":"2020-07-19T10:40:31","guid":{"rendered":"https:\/\/djk-fc-sesslach.de\/?p=1977"},"modified":"2020-08-19T14:26:49","modified_gmt":"2020-08-19T13:26:49","slug":"nach-der-jhv-2020-aufbruch-in-eine-neue-zukunft","status":"publish","type":"post","link":"https:\/\/djk-fc-sesslach.de\/index.php\/2020\/07\/19\/nach-der-jhv-2020-aufbruch-in-eine-neue-zukunft\/","title":{"rendered":"Nach der JHV 2020 &#8211; Aufbruch in eine neue Zukunft"},"content":{"rendered":"<p>Am 18.07.2020 fand die langersehnte und mehrmals verschobene Jahreshauptversammlung der DJK\/FC Se\u00dflach mit Neuwahlen statt. Zum ersten Mal in der Vereinsgeschichte wurde die Versammlung im Saal abgehalten, um die notwendigen Abstands- und Hygienevorschriften zu erf\u00fcllen.<\/p>\n<p>Den scheidenden Vorstandsmitgliedern Bernd Wittmann und Marco Wittmann gilt gr\u00f6\u00dften Respekt. Vielen Dank f\u00fcr eure langj\u00e4hrige ehrenamtliche T\u00e4tigkeit.\u00a0<span class=\"_5mfr\"><span class=\"_6qdm\">??<\/span><\/span><\/p>\n<p>Das Amt des Vorsitzenden f\u00fcr Bewirtung und Sportgel\u00e4nde \u00fcbe<span class=\"text_exposed_show\">rnimmt zuk\u00fcnftig Philip Butterhof, das Amt des Vorsitzenden f\u00fcr \u00d6ffentlichkeitsarbeit und Medien Franzi Schaller. Das Amt des Vorsitzenden f\u00fcr Finanzen und Verwaltung bleibt unver\u00e4ndert in den H\u00e4nden von Wolfgang R\u00f6\u00dfner. Und auch die Schreibfeder bleibt weiterhin bei Stephan Leicht.<\/span><\/p>\n<div class=\"text_exposed_show\">\n<p>Wir w\u00fcnschen der neuen Vorstandschaft alles Gute und viel Erfolg.\u00a0<span class=\"_5mfr\"><span class=\"_6qdm\">?<\/span><\/span><\/p>\n<\/div>\n<p><img loading=\"lazy\" decoding=\"async\" class=\"size-medium wp-image-1980 alignleft\" src=\"https:\/\/djk-fc-sesslach.de\/wp-content\/uploads\/2020\/07\/IMG-20200719-WA0018-300x225.jpg\" alt=\"\" width=\"300\" height=\"225\" srcset=\"https:\/\/djk-fc-sesslach.de\/wp-content\/uploads\/2020\/07\/IMG-20200719-WA0018-300x225.jpg 300w, https:\/\/djk-fc-sesslach.de\/wp-content\/uploads\/2020\/07\/IMG-20200719-WA0018-1024x768.jpg 1024w, https:\/\/djk-fc-sesslach.de\/wp-content\/uploads\/2020\/07\/IMG-20200719-WA0018-768x576.jpg 768w, https:\/\/djk-fc-sesslach.de\/wp-content\/uploads\/2020\/07\/IMG-20200719-WA0018-1536x1152.jpg 1536w, https:\/\/djk-fc-sesslach.de\/wp-content\/uploads\/2020\/07\/IMG-20200719-WA0018-1160x870.jpg 1160w, https:\/\/djk-fc-sesslach.de\/wp-content\/uploads\/2020\/07\/IMG-20200719-WA0018-1320x990.jpg 1320w, https:\/\/djk-fc-sesslach.de\/wp-content\/uploads\/2020\/07\/IMG-20200719-WA0018.jpg 1600w\" sizes=\"auto, (max-width: 300px) 100vw, 300px\" \/>\u00a0 \u00a0<img loading=\"lazy\" decoding=\"async\" class=\"size-medium wp-image-1979 alignleft\" src=\"https:\/\/djk-fc-sesslach.de\/wp-content\/uploads\/2020\/07\/IMG-20200719-WA0016-300x225.jpg\" alt=\"\" width=\"300\" height=\"225\" srcset=\"https:\/\/djk-fc-sesslach.de\/wp-content\/uploads\/2020\/07\/IMG-20200719-WA0016-300x225.jpg 300w, https:\/\/djk-fc-sesslach.de\/wp-content\/uploads\/2020\/07\/IMG-20200719-WA0016-1024x768.jpg 1024w, https:\/\/djk-fc-sesslach.de\/wp-content\/uploads\/2020\/07\/IMG-20200719-WA0016-768x576.jpg 768w, https:\/\/djk-fc-sesslach.de\/wp-content\/uploads\/2020\/07\/IMG-20200719-WA0016-1536x1152.jpg 1536w, https:\/\/djk-fc-sesslach.de\/wp-content\/uploads\/2020\/07\/IMG-20200719-WA0016-1160x870.jpg 1160w, https:\/\/djk-fc-sesslach.de\/wp-content\/uploads\/2020\/07\/IMG-20200719-WA0016-1320x990.jpg 1320w, https:\/\/djk-fc-sesslach.de\/wp-content\/uploads\/2020\/07\/IMG-20200719-WA0016.jpg 1600w\" sizes=\"auto, (max-width: 300px) 100vw, 300px\" \/><\/p>\n<p><img loading=\"lazy\" decoding=\"async\" class=\"size-medium wp-image-1981 aligncenter\" src=\"https:\/\/djk-fc-sesslach.de\/wp-content\/uploads\/2020\/07\/IMG-20200719-WA0020-300x225.jpg\" alt=\"\" width=\"300\" height=\"225\" srcset=\"https:\/\/djk-fc-sesslach.de\/wp-content\/uploads\/2020\/07\/IMG-20200719-WA0020-300x225.jpg 300w, https:\/\/djk-fc-sesslach.de\/wp-content\/uploads\/2020\/07\/IMG-20200719-WA0020-1024x768.jpg 1024w, https:\/\/djk-fc-sesslach.de\/wp-content\/uploads\/2020\/07\/IMG-20200719-WA0020-768x576.jpg 768w, https:\/\/djk-fc-sesslach.de\/wp-content\/uploads\/2020\/07\/IMG-20200719-WA0020-1536x1152.jpg 1536w, https:\/\/djk-fc-sesslach.de\/wp-content\/uploads\/2020\/07\/IMG-20200719-WA0020-1160x870.jpg 1160w, https:\/\/djk-fc-sesslach.de\/wp-content\/uploads\/2020\/07\/IMG-20200719-WA0020-1320x990.jpg 1320w, https:\/\/djk-fc-sesslach.de\/wp-content\/uploads\/2020\/07\/IMG-20200719-WA0020.jpg 1600w\" sizes=\"auto, (max-width: 300px) 100vw, 300px\" \/><\/p>\n<p><img loading=\"lazy\" decoding=\"async\" class=\"size-medium wp-image-1978 alignleft\" src=\"https:\/\/djk-fc-sesslach.de\/wp-content\/uploads\/2020\/07\/IMG-20200718-WA0005-300x150.jpg\" alt=\"\" width=\"300\" height=\"150\" srcset=\"https:\/\/djk-fc-sesslach.de\/wp-content\/uploads\/2020\/07\/IMG-20200718-WA0005-300x150.jpg 300w, https:\/\/djk-fc-sesslach.de\/wp-content\/uploads\/2020\/07\/IMG-20200718-WA0005-1024x512.jpg 1024w, https:\/\/djk-fc-sesslach.de\/wp-content\/uploads\/2020\/07\/IMG-20200718-WA0005-768x384.jpg 768w, https:\/\/djk-fc-sesslach.de\/wp-content\/uploads\/2020\/07\/IMG-20200718-WA0005-1536x768.jpg 1536w, https:\/\/djk-fc-sesslach.de\/wp-content\/uploads\/2020\/07\/IMG-20200718-WA0005-1160x580.jpg 1160w, https:\/\/djk-fc-sesslach.de\/wp-content\/uploads\/2020\/07\/IMG-20200718-WA0005-1320x660.jpg 1320w, https:\/\/djk-fc-sesslach.de\/wp-content\/uploads\/2020\/07\/IMG-20200718-WA0005.jpg 1600w\" sizes=\"auto, (max-width: 300px) 100vw, 300px\" \/><\/p>\n","protected":false},"excerpt":{"rendered":"<p>Am 18.07.2020 fand die langersehnte und mehrmals verschobene Jahreshauptversammlung der DJK\/FC Se\u00dflach mit Neuwahlen statt. Zum ersten Mal in der Vereinsgeschichte wurde die Versammlung im Saal abgehalten, um die notwendigen Abstands- und Hygienevorschriften zu erf\u00fcllen. Den scheidenden Vorstandsmitgliedern Bernd Wittmann und Marco Wittmann gilt gr\u00f6\u00dften Respekt. Vielen Dank f\u00fcr eure langj\u00e4hrige ehrenamtliche T\u00e4tigkeit.\u00a0?? Das Amt des Vorsitzenden f\u00fcr Bewirtung und Sportgel\u00e4nde \u00fcbernimmt zuk\u00fcnftig Philip Butterhof, das Amt des Vorsitzenden f\u00fcr \u00d6ffentlichkeitsarbeit und Medien Franzi Schaller. Das Amt des Vorsitzenden f\u00fcr Finanzen und Verwaltung bleibt unver\u00e4ndert in den H\u00e4nden von Wolfgang R\u00f6\u00dfner. Und auch die Schreibfeder bleibt weiterhin bei Stephan Leicht. Wir w\u00fcnschen der neuen Vorstandschaft alles Gute und viel Erfolg.\u00a0? \u00a0 \u00a0<\/p>\n","protected":false},"author":2,"featured_media":0,"comment_status":"closed","ping_status":"closed","sticky":false,"template":"","format":"standard","meta":{"footnotes":""},"categories":[20],"tags":[],"class_list":["post-1977","post","type-post","status-publish","format-standard","hentry","category-news-2020"],"acf":[],"_links":{"self":[{"href":"https:\/\/djk-fc-sesslach.de\/index.php\/wp-json\/wp\/v2\/posts\/1977","targetHints":{"allow":["GET"]}}],"collection":[{"href":"https:\/\/djk-fc-sesslach.de\/index.php\/wp-json\/wp\/v2\/posts"}],"about":[{"href":"https:\/\/djk-fc-sesslach.de\/index.php\/wp-json\/wp\/v2\/types\/post"}],"author":[{"embeddable":true,"href":"https:\/\/djk-fc-sesslach.de\/index.php\/wp-json\/wp\/v2\/users\/2"}],"replies":[{"embeddable":true,"href":"https:\/\/djk-fc-sesslach.de\/index.php\/wp-json\/wp\/v2\/comments?post=1977"}],"version-history":[{"count":1,"href":"https:\/\/djk-fc-sesslach.de\/index.php\/wp-json\/wp\/v2\/posts\/1977\/revisions"}],"predecessor-version":[{"id":1987,"href":"https:\/\/djk-fc-sesslach.de\/index.php\/wp-json\/wp\/v2\/posts\/1977\/revisions\/1987"}],"wp:attachment":[{"href":"https:\/\/djk-fc-sesslach.de\/index.php\/wp-json\/wp\/v2\/media?parent=1977"}],"wp:term":[{"taxonomy":"category","embeddable":true,"href":"https:\/\/djk-fc-sesslach.de\/index.php\/wp-json\/wp\/v2\/categories?post=1977"},{"taxonomy":"post_tag","embeddable":true,"href":"https:\/\/djk-fc-sesslach.de\/index.php\/wp-json\/wp\/v2\/tags?post=1977"}],"curies":[{"name":"wp","href":"https:\/\/api.w.org\/{rel}","templated":true}]}}