{"id":2019,"date":"2020-07-25T19:03:50","date_gmt":"2020-07-25T18:03:50","guid":{"rendered":"https:\/\/djk-fc-sesslach.de\/?p=2019"},"modified":"2020-08-19T14:26:59","modified_gmt":"2020-08-19T13:26:59","slug":"die-djk-fc-sesslach-trauert-um-sein-ehrenmitglied-adam-roessner","status":"publish","type":"post","link":"https:\/\/djk-fc-sesslach.de\/index.php\/2020\/07\/25\/die-djk-fc-sesslach-trauert-um-sein-ehrenmitglied-adam-roessner\/","title":{"rendered":"Die DJK\/FC Se\u00dflach trauert um sein Ehrenmitglied Adam R\u00f6\u00dfner"},"content":{"rendered":"<p style=\"text-align: center;\">Adam R\u00f6\u00dfner war seit 1942 Mitglied im DJK\/FC Se\u00dflach und ist am 24.07.2020 im Alter von 92 Jahren verstorben.<\/p>\n<p style=\"text-align: center;\">Als Fu\u00dfballer war Adam lange Jahre als St\u00fcrmer f\u00fcr die DJK aktiv. 1978 machte er in der AH mit 51 Jahren sein Abschiedsspiel. Trotzdem half er auch danach noch im Notfall immer wieder aus, bis 1981 ein Achillessehnenriss seine aktive Laufbahn endg\u00fcltig beendete.<\/p>\n<p style=\"text-align: center;\">Auch ehrenamtlich engagierte er sich schon fr\u00fch im Verein, so wurde er 1946 Schriftf\u00fchrer bei der DJK. Nach der Spaltung der Vereine in DJK und FC im Jahr 1954 fungierte Adam als Vorstand f\u00fcr die DJK Geyersberg Se\u00dflach. Dieses Amt f\u00fchrte er auch nach der Wiedervereinigung im Jahr 1961 noch ein Jahr f\u00fcr den Gesamtverein aus. In der Folgezeit war Adam jahrelang wieder als Schriftf\u00fchrer f\u00fcr die DJK t\u00e4tigt und sp\u00e4ter auch als Platzkassier.<\/p>\n<p style=\"text-align: center;\">1997 wurde Adam zum Ehrenmitglied ernannt.<\/p>\n<p style=\"text-align: center;\">Am 22.07.2007 wurde er mit der DJK-Nadel ausgezeichnet und am 25.12.2007 wurde ihm der BFV-Ehrenamtspreis \u00fcberreicht.<\/p>\n<p style=\"text-align: center;\"><span style=\"text-decoration: underline;\"><strong>Die DJK\/FC Se\u00dflach wird Adam R\u00f6\u00dfner stets ein ehrendes Gedenken bewahren!<\/strong><\/span><\/p>\n<p>&nbsp;<\/p>\n<p style=\"text-align: center;\">Der Trauergottesdienst findet am Mittwoch, 29.07.2020 um 14 Uhr in der Pfarrkirche Se\u00dflach statt. Anschlie\u00dfend Beerdigung auf dem Se\u00dflacher Friedhof.<\/p>\n","protected":false},"excerpt":{"rendered":"<p>Adam R\u00f6\u00dfner war seit 1942 Mitglied im DJK\/FC Se\u00dflach und ist am 24.07.2020 im Alter von 92 Jahren verstorben. Als Fu\u00dfballer war Adam lange Jahre als St\u00fcrmer f\u00fcr die DJK aktiv. 1978 machte er in der AH mit 51 Jahren sein Abschiedsspiel. Trotzdem half er auch danach noch im Notfall immer wieder aus, bis 1981 ein Achillessehnenriss seine aktive Laufbahn endg\u00fcltig beendete. Auch ehrenamtlich engagierte er sich schon fr\u00fch im Verein, so wurde er 1946 Schriftf\u00fchrer bei der DJK. Nach der Spaltung der Vereine in DJK und FC im Jahr 1954 fungierte Adam als Vorstand f\u00fcr die DJK Geyersberg Se\u00dflach. Dieses Amt f\u00fchrte er auch nach der Wiedervereinigung im Jahr 1961 noch ein Jahr f\u00fcr den Gesamtverein aus. In der Folgezeit war Adam jahrelang wieder als Schriftf\u00fchrer f\u00fcr die DJK t\u00e4tigt und sp\u00e4ter auch als Platzkassier. 1997 wurde Adam zum Ehrenmitglied ernannt. Am 22.07.2007 wurde er mit der DJK-Nadel ausgezeichnet und am 25.12.2007 wurde ihm der BFV-Ehrenamtspreis \u00fcberreicht. Die DJK\/FC Se\u00dflach wird Adam R\u00f6\u00dfner stets ein ehrendes Gedenken bewahren! &nbsp; Der Trauergottesdienst findet am Mittwoch, 29.07.2020 um 14 Uhr in der Pfarrkirche Se\u00dflach statt. Anschlie\u00dfend Beerdigung auf dem Se\u00dflacher Friedhof.<\/p>\n","protected":false},"author":2,"featured_media":0,"comment_status":"closed","ping_status":"closed","sticky":false,"template":"","format":"standard","meta":{"footnotes":""},"categories":[20],"tags":[],"class_list":["post-2019","post","type-post","status-publish","format-standard","hentry","category-news-2020"],"acf":[],"_links":{"self":[{"href":"https:\/\/djk-fc-sesslach.de\/index.php\/wp-json\/wp\/v2\/posts\/2019","targetHints":{"allow":["GET"]}}],"collection":[{"href":"https:\/\/djk-fc-sesslach.de\/index.php\/wp-json\/wp\/v2\/posts"}],"about":[{"href":"https:\/\/djk-fc-sesslach.de\/index.php\/wp-json\/wp\/v2\/types\/post"}],"author":[{"embeddable":true,"href":"https:\/\/djk-fc-sesslach.de\/index.php\/wp-json\/wp\/v2\/users\/2"}],"replies":[{"embeddable":true,"href":"https:\/\/djk-fc-sesslach.de\/index.php\/wp-json\/wp\/v2\/comments?post=2019"}],"version-history":[{"count":3,"href":"https:\/\/djk-fc-sesslach.de\/index.php\/wp-json\/wp\/v2\/posts\/2019\/revisions"}],"predecessor-version":[{"id":2022,"href":"https:\/\/djk-fc-sesslach.de\/index.php\/wp-json\/wp\/v2\/posts\/2019\/revisions\/2022"}],"wp:attachment":[{"href":"https:\/\/djk-fc-sesslach.de\/index.php\/wp-json\/wp\/v2\/media?parent=2019"}],"wp:term":[{"taxonomy":"category","embeddable":true,"href":"https:\/\/djk-fc-sesslach.de\/index.php\/wp-json\/wp\/v2\/categories?post=2019"},{"taxonomy":"post_tag","embeddable":true,"href":"https:\/\/djk-fc-sesslach.de\/index.php\/wp-json\/wp\/v2\/tags?post=2019"}],"curies":[{"name":"wp","href":"https:\/\/api.w.org\/{rel}","templated":true}]}}