{"id":2237,"date":"2020-10-21T07:56:42","date_gmt":"2020-10-21T06:56:42","guid":{"rendered":"https:\/\/djk-fc-sesslach.de\/?p=2237"},"modified":"2020-10-23T13:03:48","modified_gmt":"2020-10-23T12:03:48","slug":"jugend-aktuell","status":"publish","type":"post","link":"https:\/\/djk-fc-sesslach.de\/index.php\/2020\/10\/21\/jugend-aktuell\/","title":{"rendered":"Jugend &#8211; aktuell"},"content":{"rendered":"<div class=\"kvgmc6g5 cxmmr5t8 oygrvhab hcukyx3x c1et5uql ii04i59q\">\n<div dir=\"auto\">Heute, 21.10.2020 spielen unsere J\u00fcngsten zu Hause gegen die SG Itzgrund. Mittlerweile haben so viele Kids Spa\u00df am Fu\u00dfball gefunden, dass zwei Teams gebildet werden k\u00f6nnen. In der G1 spielen unsere 5\/6-J\u00e4hrigen und in der G2 unsere kleinen Mini-Kicker (3 und 4 Jahre), die ihr aller erstes Spiel bestreiten.<\/div>\n<div dir=\"auto\"><\/div>\n<\/div>\n<div class=\"o9v6fnle cxmmr5t8 oygrvhab hcukyx3x c1et5uql ii04i59q\">\n<div dir=\"auto\">Mittwoch, 21.10.2020 und 17:30 Uhr:<\/div>\n<\/div>\n<div class=\"o9v6fnle cxmmr5t8 oygrvhab hcukyx3x c1et5uql ii04i59q\">\n<div dir=\"auto\"><span class=\"pq6dq46d tbxw36s4 knj5qynh kvgmc6g5 ditlmg2l oygrvhab nvdbi5me sf5mxxl7 gl3lb2sf hhz5lgdu\"><img loading=\"lazy\" decoding=\"async\" src=\"https:\/\/static.xx.fbcdn.net\/images\/emoji.php\/v9\/taf\/1\/16\/26bd.png\" alt=\"\u26bd\ufe0f\" width=\"16\" height=\"16\" \/><\/span> DJK\/FC G1 gegen SG Itzgrund 2<\/div>\n<div dir=\"auto\"><span class=\"pq6dq46d tbxw36s4 knj5qynh kvgmc6g5 ditlmg2l oygrvhab nvdbi5me sf5mxxl7 gl3lb2sf hhz5lgdu\"><img loading=\"lazy\" decoding=\"async\" src=\"https:\/\/static.xx.fbcdn.net\/images\/emoji.php\/v9\/taf\/1\/16\/26bd.png\" alt=\"\u26bd\ufe0f\" width=\"16\" height=\"16\" \/><\/span> DJK\/FC G2 gegen SG Itzgrund 3<\/div>\n<div dir=\"auto\"><\/div>\n<\/div>\n<div class=\"o9v6fnle cxmmr5t8 oygrvhab hcukyx3x c1et5uql ii04i59q\">\n<div dir=\"auto\">Beide Spiele finden zeitgleich statt, wobei unsere G2 auf einem kleineren Spielfeld mit Minitoren spielt.<\/div>\n<\/div>\n<div class=\"o9v6fnle cxmmr5t8 oygrvhab hcukyx3x c1et5uql ii04i59q\">\n<div dir=\"auto\">Unsere J\u00fcngsten freuen sich sicherlich \u00fcber ein paar Zuschauer. Kommt vorbei und unterst\u00fctzt unsere Nachwuchskickers!<\/div>\n<\/div>\n","protected":false},"excerpt":{"rendered":"<p>Heute, 21.10.2020 spielen unsere J\u00fcngsten zu Hause gegen die SG Itzgrund. Mittlerweile haben so viele Kids Spa\u00df am Fu\u00dfball gefunden, dass zwei Teams gebildet werden k\u00f6nnen. In der G1 spielen unsere 5\/6-J\u00e4hrigen und in der G2 unsere kleinen Mini-Kicker (3 und 4 Jahre), die ihr aller erstes Spiel bestreiten. Mittwoch, 21.10.2020 und 17:30 Uhr: DJK\/FC G1 gegen SG Itzgrund 2 DJK\/FC G2 gegen SG Itzgrund 3 Beide Spiele finden zeitgleich statt, wobei unsere G2 auf einem kleineren Spielfeld mit Minitoren spielt. Unsere J\u00fcngsten freuen sich sicherlich \u00fcber ein paar Zuschauer. Kommt vorbei und unterst\u00fctzt unsere Nachwuchskickers!<\/p>\n","protected":false},"author":2,"featured_media":0,"comment_status":"closed","ping_status":"closed","sticky":false,"template":"","format":"standard","meta":{"footnotes":""},"categories":[20],"tags":[],"class_list":["post-2237","post","type-post","status-publish","format-standard","hentry","category-news-2020"],"acf":[],"_links":{"self":[{"href":"https:\/\/djk-fc-sesslach.de\/index.php\/wp-json\/wp\/v2\/posts\/2237","targetHints":{"allow":["GET"]}}],"collection":[{"href":"https:\/\/djk-fc-sesslach.de\/index.php\/wp-json\/wp\/v2\/posts"}],"about":[{"href":"https:\/\/djk-fc-sesslach.de\/index.php\/wp-json\/wp\/v2\/types\/post"}],"author":[{"embeddable":true,"href":"https:\/\/djk-fc-sesslach.de\/index.php\/wp-json\/wp\/v2\/users\/2"}],"replies":[{"embeddable":true,"href":"https:\/\/djk-fc-sesslach.de\/index.php\/wp-json\/wp\/v2\/comments?post=2237"}],"version-history":[{"count":1,"href":"https:\/\/djk-fc-sesslach.de\/index.php\/wp-json\/wp\/v2\/posts\/2237\/revisions"}],"predecessor-version":[{"id":2238,"href":"https:\/\/djk-fc-sesslach.de\/index.php\/wp-json\/wp\/v2\/posts\/2237\/revisions\/2238"}],"wp:attachment":[{"href":"https:\/\/djk-fc-sesslach.de\/index.php\/wp-json\/wp\/v2\/media?parent=2237"}],"wp:term":[{"taxonomy":"category","embeddable":true,"href":"https:\/\/djk-fc-sesslach.de\/index.php\/wp-json\/wp\/v2\/categories?post=2237"},{"taxonomy":"post_tag","embeddable":true,"href":"https:\/\/djk-fc-sesslach.de\/index.php\/wp-json\/wp\/v2\/tags?post=2237"}],"curies":[{"name":"wp","href":"https:\/\/api.w.org\/{rel}","templated":true}]}}