{"id":2239,"date":"2020-10-24T17:24:13","date_gmt":"2020-10-24T16:24:13","guid":{"rendered":"https:\/\/djk-fc-sesslach.de\/?p=2239"},"modified":"2020-11-26T15:32:18","modified_gmt":"2020-11-26T14:32:18","slug":"spielabsage-2","status":"publish","type":"post","link":"https:\/\/djk-fc-sesslach.de\/index.php\/2020\/10\/24\/spielabsage-2\/","title":{"rendered":"Spielabsage"},"content":{"rendered":"<p><img loading=\"lazy\" decoding=\"async\" class=\"size-medium wp-image-2240 aligncenter\" src=\"https:\/\/djk-fc-sesslach.de\/wp-content\/uploads\/2020\/10\/Absage-300x212.jpg\" alt=\"\" width=\"300\" height=\"212\" srcset=\"https:\/\/djk-fc-sesslach.de\/wp-content\/uploads\/2020\/10\/Absage-300x212.jpg 300w, https:\/\/djk-fc-sesslach.de\/wp-content\/uploads\/2020\/10\/Absage-1024x724.jpg 1024w, https:\/\/djk-fc-sesslach.de\/wp-content\/uploads\/2020\/10\/Absage-768x543.jpg 768w, https:\/\/djk-fc-sesslach.de\/wp-content\/uploads\/2020\/10\/Absage-1160x820.jpg 1160w, https:\/\/djk-fc-sesslach.de\/wp-content\/uploads\/2020\/10\/Absage.jpg 1440w\" sizes=\"auto, (max-width: 300px) 100vw, 300px\" \/><\/p>\n<p>&nbsp;<\/p>\n<p style=\"text-align: center;\">Die Stadt und der Landkreis Coburg haben die Stufe \u201erot\u201c der Corona-Ampel erreicht.<br \/>\nAuf Grund der aktuell steigenden Coronazahlen sind daher die f\u00fcr morgen angesetzten Spiele der ersten und zweiten Mannschaft im Liga-Pokal abgesagt worden. Wir begr\u00fc\u00dfen diese Entscheidung!<\/p>\n<p>Bleibt gesund,<br \/>\ndie Vorstandschaft<\/p>\n","protected":false},"excerpt":{"rendered":"<p>&nbsp; Die Stadt und der Landkreis Coburg haben die Stufe \u201erot\u201c der Corona-Ampel erreicht. Auf Grund der aktuell steigenden Coronazahlen sind daher die f\u00fcr morgen angesetzten Spiele der ersten und zweiten Mannschaft im Liga-Pokal abgesagt worden. Wir begr\u00fc\u00dfen diese Entscheidung! Bleibt gesund, die Vorstandschaft<\/p>\n","protected":false},"author":2,"featured_media":0,"comment_status":"closed","ping_status":"closed","sticky":false,"template":"","format":"standard","meta":{"footnotes":""},"categories":[20],"tags":[],"class_list":["post-2239","post","type-post","status-publish","format-standard","hentry","category-news-2020"],"acf":[],"_links":{"self":[{"href":"https:\/\/djk-fc-sesslach.de\/index.php\/wp-json\/wp\/v2\/posts\/2239","targetHints":{"allow":["GET"]}}],"collection":[{"href":"https:\/\/djk-fc-sesslach.de\/index.php\/wp-json\/wp\/v2\/posts"}],"about":[{"href":"https:\/\/djk-fc-sesslach.de\/index.php\/wp-json\/wp\/v2\/types\/post"}],"author":[{"embeddable":true,"href":"https:\/\/djk-fc-sesslach.de\/index.php\/wp-json\/wp\/v2\/users\/2"}],"replies":[{"embeddable":true,"href":"https:\/\/djk-fc-sesslach.de\/index.php\/wp-json\/wp\/v2\/comments?post=2239"}],"version-history":[{"count":2,"href":"https:\/\/djk-fc-sesslach.de\/index.php\/wp-json\/wp\/v2\/posts\/2239\/revisions"}],"predecessor-version":[{"id":2286,"href":"https:\/\/djk-fc-sesslach.de\/index.php\/wp-json\/wp\/v2\/posts\/2239\/revisions\/2286"}],"wp:attachment":[{"href":"https:\/\/djk-fc-sesslach.de\/index.php\/wp-json\/wp\/v2\/media?parent=2239"}],"wp:term":[{"taxonomy":"category","embeddable":true,"href":"https:\/\/djk-fc-sesslach.de\/index.php\/wp-json\/wp\/v2\/categories?post=2239"},{"taxonomy":"post_tag","embeddable":true,"href":"https:\/\/djk-fc-sesslach.de\/index.php\/wp-json\/wp\/v2\/tags?post=2239"}],"curies":[{"name":"wp","href":"https:\/\/api.w.org\/{rel}","templated":true}]}}