{"id":2311,"date":"2020-12-28T12:58:32","date_gmt":"2020-12-28T11:58:32","guid":{"rendered":"https:\/\/djk-fc-sesslach.de\/?p=2311"},"modified":"2021-01-19T17:17:41","modified_gmt":"2021-01-19T16:17:41","slug":"die-djk-fc-sesslach-sagt-danke","status":"publish","type":"post","link":"https:\/\/djk-fc-sesslach.de\/index.php\/2020\/12\/28\/die-djk-fc-sesslach-sagt-danke\/","title":{"rendered":"Die DJK\/FC Se\u00dflach sagt DANKE!"},"content":{"rendered":"<div class=\"kvgmc6g5 cxmmr5t8 oygrvhab hcukyx3x c1et5uql ii04i59q\" style=\"margin: 0px; text-align: left; color: #050505; text-transform: none; text-indent: 0px; letter-spacing: normal; font-family: 'Segoe UI Historic', 'Segoe UI', Helvetica, Arial, sans-serif; font-size: 15px; font-style: normal; font-weight: 400; word-spacing: 0px; white-space: pre-wrap; orphans: 2; widows: 2; background-color: #ffffff; overflow-wrap: break-word; font-variant-ligatures: normal; font-variant-caps: normal; -webkit-text-stroke-width: 0px; text-decoration-thickness: initial; text-decoration-style: initial; text-decoration-color: initial;\"><\/div>\n<div class=\"kvgmc6g5 cxmmr5t8 oygrvhab hcukyx3x c1et5uql ii04i59q\" style=\"margin: 0px; text-align: left; color: #050505; text-transform: none; text-indent: 0px; letter-spacing: normal; font-family: 'Segoe UI Historic', 'Segoe UI', Helvetica, Arial, sans-serif; font-size: 15px; font-style: normal; font-weight: 400; word-spacing: 0px; white-space: pre-wrap; orphans: 2; widows: 2; background-color: #ffffff; overflow-wrap: break-word; font-variant-ligatures: normal; font-variant-caps: normal; -webkit-text-stroke-width: 0px; text-decoration-thickness: initial; text-decoration-style: initial; text-decoration-color: initial;\">\n<div dir=\"auto\">Das nun zu Ende gehende Jahr 2020 hat uns allen durch die Corona-Pandemie sehr viel abverlangt und unseren Sportverein oft zum Stillstand gezwungen.<\/div>\n<\/div>\n<div class=\"o9v6fnle cxmmr5t8 oygrvhab hcukyx3x c1et5uql ii04i59q\" style=\"margin: 0.5em 0px 0px; text-align: left; color: #050505; text-transform: none; text-indent: 0px; letter-spacing: normal; font-family: 'Segoe UI Historic', 'Segoe UI', Helvetica, Arial, sans-serif; font-size: 15px; font-style: normal; font-weight: 400; word-spacing: 0px; white-space: pre-wrap; orphans: 2; widows: 2; background-color: #ffffff; overflow-wrap: break-word; font-variant-ligatures: normal; font-variant-caps: normal; -webkit-text-stroke-width: 0px; text-decoration-thickness: initial; text-decoration-style: initial; text-decoration-color: initial;\">\n<div dir=\"auto\">In diesen schwierigen Zeiten merken viele von euch, wie wichtig Ihnen doch die sportliche Aktivit\u00e4t oder die Gemeinschaft im Verein ist.<\/div>\n<\/div>\n<div class=\"o9v6fnle cxmmr5t8 oygrvhab hcukyx3x c1et5uql ii04i59q\" style=\"margin: 0.5em 0px 0px; text-align: left; color: #050505; text-transform: none; text-indent: 0px; letter-spacing: normal; font-family: 'Segoe UI Historic', 'Segoe UI', Helvetica, Arial, sans-serif; font-size: 15px; font-style: normal; font-weight: 400; word-spacing: 0px; white-space: pre-wrap; orphans: 2; widows: 2; background-color: #ffffff; overflow-wrap: break-word; font-variant-ligatures: normal; font-variant-caps: normal; -webkit-text-stroke-width: 0px; text-decoration-thickness: initial; text-decoration-style: initial; text-decoration-color: initial;\">\n<div dir=\"auto\">Wir haben gemeinsam immer wieder das geschafft, was anfangs unm\u00f6glich schien: Wir haben Konzepte nach Vorgabe der beh\u00f6rdlichen Auflagen entwickelt, um euch den Sport wieder zu erm\u00f6glichen und auch das Vereinsleben aufrecht zu erhalten.<\/div>\n<\/div>\n<div class=\"o9v6fnle cxmmr5t8 oygrvhab hcukyx3x c1et5uql ii04i59q\" style=\"margin: 0.5em 0px 0px; text-align: left; color: #050505; text-transform: none; text-indent: 0px; letter-spacing: normal; font-family: 'Segoe UI Historic', 'Segoe UI', Helvetica, Arial, sans-serif; font-size: 15px; font-style: normal; font-weight: 400; word-spacing: 0px; white-space: pre-wrap; orphans: 2; widows: 2; background-color: #ffffff; overflow-wrap: break-word; font-variant-ligatures: normal; font-variant-caps: normal; -webkit-text-stroke-width: 0px; text-decoration-thickness: initial; text-decoration-style: initial; text-decoration-color: initial;\">\n<div dir=\"auto\">Wir hoffen sehr, dass das kommende Jahr 2021 etwas mehr Normalit\u00e4t zur\u00fcckbringt und wir gemeinsam einige Stunden auf unserem Sportgel\u00e4nde verbringen d\u00fcrfen.<\/div>\n<\/div>\n<div class=\"o9v6fnle cxmmr5t8 oygrvhab hcukyx3x c1et5uql ii04i59q\" style=\"margin: 0.5em 0px 0px; text-align: left; color: #050505; text-transform: none; text-indent: 0px; letter-spacing: normal; font-family: 'Segoe UI Historic', 'Segoe UI', Helvetica, Arial, sans-serif; font-size: 15px; font-style: normal; font-weight: 400; word-spacing: 0px; white-space: pre-wrap; orphans: 2; widows: 2; background-color: #ffffff; overflow-wrap: break-word; font-variant-ligatures: normal; font-variant-caps: normal; -webkit-text-stroke-width: 0px; text-decoration-thickness: initial; text-decoration-style: initial; text-decoration-color: initial;\">\n<div dir=\"auto\">Die Vorstandschaft bedankt sich von Herzen bei allen Mitgliedern, Fans und Sponsoren f\u00fcr das Durchhalteverm\u00f6gen und die Treue zum Verein.<\/div>\n<\/div>\n<div dir=\"auto\"><\/div>\n<div dir=\"auto\"><img loading=\"lazy\" decoding=\"async\" class=\"size-medium wp-image-2313 aligncenter\" src=\"https:\/\/djk-fc-sesslach.de\/wp-content\/uploads\/2020\/12\/fotolia_thomas222_130934366_l_1-300x177.jpg\" alt=\"\" width=\"300\" height=\"177\" srcset=\"https:\/\/djk-fc-sesslach.de\/wp-content\/uploads\/2020\/12\/fotolia_thomas222_130934366_l_1-300x177.jpg 300w, https:\/\/djk-fc-sesslach.de\/wp-content\/uploads\/2020\/12\/fotolia_thomas222_130934366_l_1-1024x603.jpg 1024w, https:\/\/djk-fc-sesslach.de\/wp-content\/uploads\/2020\/12\/fotolia_thomas222_130934366_l_1-768x452.jpg 768w, https:\/\/djk-fc-sesslach.de\/wp-content\/uploads\/2020\/12\/fotolia_thomas222_130934366_l_1-1536x904.jpg 1536w, https:\/\/djk-fc-sesslach.de\/wp-content\/uploads\/2020\/12\/fotolia_thomas222_130934366_l_1-2048x1206.jpg 2048w, https:\/\/djk-fc-sesslach.de\/wp-content\/uploads\/2020\/12\/fotolia_thomas222_130934366_l_1-1160x683.jpg 1160w\" sizes=\"auto, (max-width: 300px) 100vw, 300px\" \/><\/div>\n<div class=\"o9v6fnle cxmmr5t8 oygrvhab hcukyx3x c1et5uql ii04i59q\" style=\"margin: 0.5em 0px 0px; text-align: left; color: #050505; text-transform: none; text-indent: 0px; letter-spacing: normal; font-family: 'Segoe UI Historic', 'Segoe UI', Helvetica, Arial, sans-serif; font-size: 15px; font-style: normal; font-weight: 400; word-spacing: 0px; white-space: pre-wrap; orphans: 2; widows: 2; background-color: #ffffff; overflow-wrap: break-word; font-variant-ligatures: normal; font-variant-caps: normal; -webkit-text-stroke-width: 0px; text-decoration-thickness: initial; text-decoration-style: initial; text-decoration-color: initial;\">\n<div dir=\"auto\"><\/div>\n<\/div>\n","protected":false},"excerpt":{"rendered":"<p>Das nun zu Ende gehende Jahr 2020 hat uns allen durch die Corona-Pandemie sehr viel abverlangt und unseren Sportverein oft zum Stillstand gezwungen. In diesen schwierigen Zeiten merken viele von euch, wie wichtig Ihnen doch die sportliche Aktivit\u00e4t oder die Gemeinschaft im Verein ist. Wir haben gemeinsam immer wieder das geschafft, was anfangs unm\u00f6glich schien: Wir haben Konzepte nach Vorgabe der beh\u00f6rdlichen Auflagen entwickelt, um euch den Sport wieder zu erm\u00f6glichen und auch das Vereinsleben aufrecht zu erhalten. Wir hoffen sehr, dass das kommende Jahr 2021 etwas mehr Normalit\u00e4t zur\u00fcckbringt und wir gemeinsam einige Stunden auf unserem Sportgel\u00e4nde verbringen d\u00fcrfen. Die Vorstandschaft bedankt sich von Herzen bei allen Mitgliedern, Fans und Sponsoren f\u00fcr das Durchhalteverm\u00f6gen und die Treue zum Verein.<\/p>\n","protected":false},"author":4,"featured_media":0,"comment_status":"closed","ping_status":"closed","sticky":false,"template":"","format":"standard","meta":{"footnotes":""},"categories":[20],"tags":[],"class_list":["post-2311","post","type-post","status-publish","format-standard","hentry","category-news-2020"],"acf":[],"_links":{"self":[{"href":"https:\/\/djk-fc-sesslach.de\/index.php\/wp-json\/wp\/v2\/posts\/2311","targetHints":{"allow":["GET"]}}],"collection":[{"href":"https:\/\/djk-fc-sesslach.de\/index.php\/wp-json\/wp\/v2\/posts"}],"about":[{"href":"https:\/\/djk-fc-sesslach.de\/index.php\/wp-json\/wp\/v2\/types\/post"}],"author":[{"embeddable":true,"href":"https:\/\/djk-fc-sesslach.de\/index.php\/wp-json\/wp\/v2\/users\/4"}],"replies":[{"embeddable":true,"href":"https:\/\/djk-fc-sesslach.de\/index.php\/wp-json\/wp\/v2\/comments?post=2311"}],"version-history":[{"count":1,"href":"https:\/\/djk-fc-sesslach.de\/index.php\/wp-json\/wp\/v2\/posts\/2311\/revisions"}],"predecessor-version":[{"id":2314,"href":"https:\/\/djk-fc-sesslach.de\/index.php\/wp-json\/wp\/v2\/posts\/2311\/revisions\/2314"}],"wp:attachment":[{"href":"https:\/\/djk-fc-sesslach.de\/index.php\/wp-json\/wp\/v2\/media?parent=2311"}],"wp:term":[{"taxonomy":"category","embeddable":true,"href":"https:\/\/djk-fc-sesslach.de\/index.php\/wp-json\/wp\/v2\/categories?post=2311"},{"taxonomy":"post_tag","embeddable":true,"href":"https:\/\/djk-fc-sesslach.de\/index.php\/wp-json\/wp\/v2\/tags?post=2311"}],"curies":[{"name":"wp","href":"https:\/\/api.w.org\/{rel}","templated":true}]}}