{"id":2333,"date":"2021-02-03T17:04:22","date_gmt":"2021-02-03T16:04:22","guid":{"rendered":"https:\/\/djk-fc-sesslach.de\/?p=2333"},"modified":"2021-02-15T20:25:43","modified_gmt":"2021-02-15T19:25:43","slug":"die-djk-fc-sesslach-trauert-um-ihr-aeltestes-mitglied-und-ehrenmitglied-kaethe-mueller","status":"publish","type":"post","link":"https:\/\/djk-fc-sesslach.de\/index.php\/2021\/02\/03\/die-djk-fc-sesslach-trauert-um-ihr-aeltestes-mitglied-und-ehrenmitglied-kaethe-mueller\/","title":{"rendered":"Die DJK\/FC Se\u00dflach trauert um ihr \u00e4ltestes Mitglied und Ehrenmitglied K\u00e4the M\u00fcller"},"content":{"rendered":"<p style=\"text-align: center;\">K\u00e4the M\u00fcller war seit 1952 Mitglied im DJK\/FC Se\u00dflach. Sie verstarb am 01.02.2021 im Alter von 95 Jahren.<\/p>\n<p style=\"text-align: center;\">\u00a0K\u00e4the M\u00fcller geh\u00f6rte der f\u00fcr nur kurze Zeit aktiven Damenhandballmannschaft der DJK\/FC\u00a0 an und war dann in der Damengymnastikabteilung aktiv.<\/p>\n<p style=\"text-align: center;\">1997 wurde Sie zum Ehrenmitglied ernannt.<\/p>\n<p style=\"text-align: center;\"><span style=\"text-decoration: underline;\"><strong>Die DJK\/FC Se\u00dflach wird K\u00e4the M\u00fcller stets ein ehrendes Gedenken bewahren.<\/strong><\/span><\/p>\n","protected":false},"excerpt":{"rendered":"<p>K\u00e4the M\u00fcller war seit 1952 Mitglied im DJK\/FC Se\u00dflach. Sie verstarb am 01.02.2021 im Alter von 95 Jahren. \u00a0K\u00e4the M\u00fcller geh\u00f6rte der f\u00fcr nur kurze Zeit aktiven Damenhandballmannschaft der DJK\/FC\u00a0 an und war dann in der Damengymnastikabteilung aktiv. 1997 wurde Sie zum Ehrenmitglied ernannt. Die DJK\/FC Se\u00dflach wird K\u00e4the M\u00fcller stets ein ehrendes Gedenken bewahren.<\/p>\n","protected":false},"author":2,"featured_media":0,"comment_status":"closed","ping_status":"closed","sticky":false,"template":"","format":"standard","meta":{"footnotes":""},"categories":[85],"tags":[],"class_list":["post-2333","post","type-post","status-publish","format-standard","hentry","category-news-2021"],"acf":[],"_links":{"self":[{"href":"https:\/\/djk-fc-sesslach.de\/index.php\/wp-json\/wp\/v2\/posts\/2333","targetHints":{"allow":["GET"]}}],"collection":[{"href":"https:\/\/djk-fc-sesslach.de\/index.php\/wp-json\/wp\/v2\/posts"}],"about":[{"href":"https:\/\/djk-fc-sesslach.de\/index.php\/wp-json\/wp\/v2\/types\/post"}],"author":[{"embeddable":true,"href":"https:\/\/djk-fc-sesslach.de\/index.php\/wp-json\/wp\/v2\/users\/2"}],"replies":[{"embeddable":true,"href":"https:\/\/djk-fc-sesslach.de\/index.php\/wp-json\/wp\/v2\/comments?post=2333"}],"version-history":[{"count":1,"href":"https:\/\/djk-fc-sesslach.de\/index.php\/wp-json\/wp\/v2\/posts\/2333\/revisions"}],"predecessor-version":[{"id":2334,"href":"https:\/\/djk-fc-sesslach.de\/index.php\/wp-json\/wp\/v2\/posts\/2333\/revisions\/2334"}],"wp:attachment":[{"href":"https:\/\/djk-fc-sesslach.de\/index.php\/wp-json\/wp\/v2\/media?parent=2333"}],"wp:term":[{"taxonomy":"category","embeddable":true,"href":"https:\/\/djk-fc-sesslach.de\/index.php\/wp-json\/wp\/v2\/categories?post=2333"},{"taxonomy":"post_tag","embeddable":true,"href":"https:\/\/djk-fc-sesslach.de\/index.php\/wp-json\/wp\/v2\/tags?post=2333"}],"curies":[{"name":"wp","href":"https:\/\/api.w.org\/{rel}","templated":true}]}}