{"id":2351,"date":"2021-03-11T14:07:36","date_gmt":"2021-03-11T13:07:36","guid":{"rendered":"https:\/\/djk-fc-sesslach.de\/?p=2351"},"modified":"2021-04-27T08:54:26","modified_gmt":"2021-04-27T07:54:26","slug":"die-trainer-der-fussballer-machen-auch-in-der-saison-2021-2022","status":"publish","type":"post","link":"https:\/\/djk-fc-sesslach.de\/index.php\/2021\/03\/11\/die-trainer-der-fussballer-machen-auch-in-der-saison-2021-2022\/","title":{"rendered":"Die Trainer der Fu\u00dfballer machen auch in der Saison 2021\/2022 weiter"},"content":{"rendered":"<p style=\"text-align: center;\"><strong>Aktuell rollt zwar kein Ball, dennoch bereitet man sich im Hintergrund auf einen m\u00f6glichen Spielbetrieb vor.<\/strong><\/p>\n<p style=\"text-align: center;\"><strong>Wir freuen uns verk\u00fcnden zu d\u00fcrfen, dass\u00a0Mehmet Ciray\u00a0auch in der kommenden Saison 2021\/22 die Fu\u00dfballer der ersten Mannschaft trainieren wird. Man geht gemeinsam in die vierte Saison.<\/strong><\/p>\n<p style=\"text-align: center;\"><strong>Auch das Trainerduo\u00a0Tobias Kandzia\u00a0und\u00a0Ren\u00e9 Beckert\u00a0startet in eine weitere Saison und halten unsere Jungs der zweiten Mannschaft fit.<\/strong><\/p>\n<p style=\"text-align: center;\"><strong>Die Vorstandschaft ist sehr zufrieden mit der Arbeit der Trainer. Vielen Dank f\u00fcr Eure geleistete Arbeit!\u00a0<\/strong><\/p>\n<p><img loading=\"lazy\" decoding=\"async\" class=\"aligncenter wp-image-2352 size-full\" src=\"https:\/\/djk-fc-sesslach.de\/wp-content\/uploads\/2021\/03\/Mehmet.jpg\" alt=\"\" width=\"818\" height=\"540\" srcset=\"https:\/\/djk-fc-sesslach.de\/wp-content\/uploads\/2021\/03\/Mehmet.jpg 818w, https:\/\/djk-fc-sesslach.de\/wp-content\/uploads\/2021\/03\/Mehmet-300x198.jpg 300w, https:\/\/djk-fc-sesslach.de\/wp-content\/uploads\/2021\/03\/Mehmet-768x507.jpg 768w\" sizes=\"auto, (max-width: 818px) 100vw, 818px\" \/><\/p>\n","protected":false},"excerpt":{"rendered":"<p>Aktuell rollt zwar kein Ball, dennoch bereitet man sich im Hintergrund auf einen m\u00f6glichen Spielbetrieb vor. Wir freuen uns verk\u00fcnden zu d\u00fcrfen, dass\u00a0Mehmet Ciray\u00a0auch in der kommenden Saison 2021\/22 die Fu\u00dfballer der ersten Mannschaft trainieren wird. Man geht gemeinsam in die vierte Saison. Auch das Trainerduo\u00a0Tobias Kandzia\u00a0und\u00a0Ren\u00e9 Beckert\u00a0startet in eine weitere Saison und halten unsere Jungs der zweiten Mannschaft fit. Die Vorstandschaft ist sehr zufrieden mit der Arbeit der Trainer. Vielen Dank f\u00fcr Eure geleistete Arbeit!\u00a0<\/p>\n","protected":false},"author":2,"featured_media":0,"comment_status":"closed","ping_status":"closed","sticky":false,"template":"","format":"standard","meta":{"footnotes":""},"categories":[85],"tags":[],"class_list":["post-2351","post","type-post","status-publish","format-standard","hentry","category-news-2021"],"acf":[],"_links":{"self":[{"href":"https:\/\/djk-fc-sesslach.de\/index.php\/wp-json\/wp\/v2\/posts\/2351","targetHints":{"allow":["GET"]}}],"collection":[{"href":"https:\/\/djk-fc-sesslach.de\/index.php\/wp-json\/wp\/v2\/posts"}],"about":[{"href":"https:\/\/djk-fc-sesslach.de\/index.php\/wp-json\/wp\/v2\/types\/post"}],"author":[{"embeddable":true,"href":"https:\/\/djk-fc-sesslach.de\/index.php\/wp-json\/wp\/v2\/users\/2"}],"replies":[{"embeddable":true,"href":"https:\/\/djk-fc-sesslach.de\/index.php\/wp-json\/wp\/v2\/comments?post=2351"}],"version-history":[{"count":3,"href":"https:\/\/djk-fc-sesslach.de\/index.php\/wp-json\/wp\/v2\/posts\/2351\/revisions"}],"predecessor-version":[{"id":2356,"href":"https:\/\/djk-fc-sesslach.de\/index.php\/wp-json\/wp\/v2\/posts\/2351\/revisions\/2356"}],"wp:attachment":[{"href":"https:\/\/djk-fc-sesslach.de\/index.php\/wp-json\/wp\/v2\/media?parent=2351"}],"wp:term":[{"taxonomy":"category","embeddable":true,"href":"https:\/\/djk-fc-sesslach.de\/index.php\/wp-json\/wp\/v2\/categories?post=2351"},{"taxonomy":"post_tag","embeddable":true,"href":"https:\/\/djk-fc-sesslach.de\/index.php\/wp-json\/wp\/v2\/tags?post=2351"}],"curies":[{"name":"wp","href":"https:\/\/api.w.org\/{rel}","templated":true}]}}