{"id":2365,"date":"2021-04-08T11:17:33","date_gmt":"2021-04-08T10:17:33","guid":{"rendered":"https:\/\/djk-fc-sesslach.de\/?p=2365"},"modified":"2021-04-27T08:54:14","modified_gmt":"2021-04-27T07:54:14","slug":"2365","status":"publish","type":"post","link":"https:\/\/djk-fc-sesslach.de\/index.php\/2021\/04\/08\/2365\/","title":{"rendered":"Corona-Update"},"content":{"rendered":"<p>Ministerpr\u00e4sident Markus S\u00f6der hat sich gestern erneut zur Corona-Lage ge\u00e4u\u00dfert: Es wird vorerst keine weiteren Lockerungen geben und weitere zwei Wochen abgewartet. Wie es anschlie\u00dfend weitergeht, ist derzeit noch unklar.<\/p>\n<p>Der Vorstand des Bayrischen Fu\u00dfball-Verbandes hat letzte Woche einen 4-Punkte-Plan f\u00fcr den Umgang mit der aktuell unterbrochenen Saison 2019\/2021 ver\u00f6ffentlicht.<\/p>\n<p><strong>Punkt 1:<\/strong> Sollte ab dem 19.04. kein fl\u00e4chendeckender Trainingsbetrieb m\u00f6glich sein, wird der Ligapokal-Wettbewerb gestrichen.<\/p>\n<p><strong>Punkt 2:<\/strong> Um m\u00f6glichst alle Spiele der Punkt-Runden spielen zu k\u00f6nnen, braucht es einen Trainingsbetrieb sp\u00e4testens ab dem 03.05. Ist dies nicht m\u00f6glich, wird \u00fcber einen Abbruch der Saison entschieden.<\/p>\n<p><strong>Punkt 3:<\/strong> Der Verbandsvorstand h\u00e4lt eine Durchf\u00fchrung des Trainings- und Spielbetriebes unter der Voraussetzung eines negativen Coronatests f\u00fcr nicht durchf\u00fchrbar.<\/p>\n<p><strong>Punkt 4:<\/strong> Der Toto-Pokal-Wettbewerb soll im Austragungsmodus noch nicht ver\u00e4ndert werden.<\/p>\n<p>F\u00fcr Junioren gelten Punkt 2 und 3 analog.<\/p>\n<p>Auf Grund der gestrigen politischen Entscheidungen kann die Deadline f\u00fcr den Ligapokal-Wettbewerb nicht mehr gehalten werden und der Wettbewerb wird abgesagt. Voraussetzung f\u00fcr die Durchf\u00fchrung war ein fl\u00e4chendeckender Trainingsbetrieb ab dem 19.04.<\/p>\n<p>Wie es mit der aktuell unterbrochenen Saison 2019\/2021 weitergeht, bleibt abzuwarten.<\/p>\n<p>Wir halten euch auf dem laufenden.<\/p>\n<p>Bleibt gesund!<\/p>\n<p>Der Vorstand<\/p>\n","protected":false},"excerpt":{"rendered":"<p>Ministerpr\u00e4sident Markus S\u00f6der hat sich gestern erneut zur Corona-Lage ge\u00e4u\u00dfert: Es wird vorerst keine weiteren Lockerungen geben und weitere zwei Wochen abgewartet. Wie es anschlie\u00dfend weitergeht, ist derzeit noch unklar. Der Vorstand des Bayrischen Fu\u00dfball-Verbandes hat letzte Woche einen 4-Punkte-Plan f\u00fcr den Umgang mit der aktuell unterbrochenen Saison 2019\/2021 ver\u00f6ffentlicht. Punkt 1: Sollte ab dem 19.04. kein fl\u00e4chendeckender Trainingsbetrieb m\u00f6glich sein, wird der Ligapokal-Wettbewerb gestrichen. Punkt 2: Um m\u00f6glichst alle Spiele der Punkt-Runden spielen zu k\u00f6nnen, braucht es einen Trainingsbetrieb sp\u00e4testens ab dem 03.05. Ist dies nicht m\u00f6glich, wird \u00fcber einen Abbruch der Saison entschieden. Punkt 3: Der Verbandsvorstand h\u00e4lt eine Durchf\u00fchrung des Trainings- und Spielbetriebes unter der Voraussetzung eines negativen Coronatests f\u00fcr nicht durchf\u00fchrbar. Punkt 4: Der Toto-Pokal-Wettbewerb soll im Austragungsmodus noch nicht ver\u00e4ndert werden. F\u00fcr Junioren gelten Punkt 2 und 3 analog. Auf Grund der gestrigen politischen Entscheidungen kann die Deadline f\u00fcr den Ligapokal-Wettbewerb nicht mehr gehalten werden und der Wettbewerb wird abgesagt. Voraussetzung f\u00fcr die Durchf\u00fchrung war ein fl\u00e4chendeckender Trainingsbetrieb ab dem 19.04. Wie es mit der aktuell unterbrochenen Saison 2019\/2021 weitergeht, bleibt abzuwarten. Wir halten euch auf dem laufenden. Bleibt gesund! Der Vorstand<\/p>\n","protected":false},"author":4,"featured_media":0,"comment_status":"closed","ping_status":"closed","sticky":false,"template":"","format":"standard","meta":{"footnotes":""},"categories":[85],"tags":[],"class_list":["post-2365","post","type-post","status-publish","format-standard","hentry","category-news-2021"],"acf":[],"_links":{"self":[{"href":"https:\/\/djk-fc-sesslach.de\/index.php\/wp-json\/wp\/v2\/posts\/2365","targetHints":{"allow":["GET"]}}],"collection":[{"href":"https:\/\/djk-fc-sesslach.de\/index.php\/wp-json\/wp\/v2\/posts"}],"about":[{"href":"https:\/\/djk-fc-sesslach.de\/index.php\/wp-json\/wp\/v2\/types\/post"}],"author":[{"embeddable":true,"href":"https:\/\/djk-fc-sesslach.de\/index.php\/wp-json\/wp\/v2\/users\/4"}],"replies":[{"embeddable":true,"href":"https:\/\/djk-fc-sesslach.de\/index.php\/wp-json\/wp\/v2\/comments?post=2365"}],"version-history":[{"count":4,"href":"https:\/\/djk-fc-sesslach.de\/index.php\/wp-json\/wp\/v2\/posts\/2365\/revisions"}],"predecessor-version":[{"id":2369,"href":"https:\/\/djk-fc-sesslach.de\/index.php\/wp-json\/wp\/v2\/posts\/2365\/revisions\/2369"}],"wp:attachment":[{"href":"https:\/\/djk-fc-sesslach.de\/index.php\/wp-json\/wp\/v2\/media?parent=2365"}],"wp:term":[{"taxonomy":"category","embeddable":true,"href":"https:\/\/djk-fc-sesslach.de\/index.php\/wp-json\/wp\/v2\/categories?post=2365"},{"taxonomy":"post_tag","embeddable":true,"href":"https:\/\/djk-fc-sesslach.de\/index.php\/wp-json\/wp\/v2\/tags?post=2365"}],"curies":[{"name":"wp","href":"https:\/\/api.w.org\/{rel}","templated":true}]}}