{"id":2400,"date":"2021-06-05T19:13:57","date_gmt":"2021-06-05T18:13:57","guid":{"rendered":"https:\/\/djk-fc-sesslach.de\/?p=2400"},"modified":"2024-08-08T10:55:12","modified_gmt":"2024-08-08T09:55:12","slug":"mein-verein-hat-gute-karten-die-neue-aktion-der-edeka-familie","status":"publish","type":"post","link":"https:\/\/djk-fc-sesslach.de\/index.php\/2021\/06\/05\/mein-verein-hat-gute-karten-die-neue-aktion-der-edeka-familie\/","title":{"rendered":"\u201eMein Verein hat gute Karten!\u201c &#8211; die neue Aktion der EDEKA-Familie"},"content":{"rendered":"<p style=\"text-align: center;\">Vielen Dank an EDEKA Schleicher in Niederf\u00fcllbach, dass wir ein Teil dieser Aktion sein d\u00fcrfen. Gerade in der aktuellen Zeit ist jeder Cent hilfreich.<\/p>\n<p style=\"text-align: center;\"><strong>Ihr m\u00f6ch<\/strong><strong>tet die\u00a0<\/strong><strong>DJK\/FC Se\u00dflach unterst\u00fctzen?<\/strong> Zeigt die Vereinskarte an der Kasse vor! F\u00fcr jeden Einkauf im EDEKA-Mart in Niederf\u00fcllbach wird 1 % vom Einkaufswert an die DJK\/FC Se\u00dflach gespendet.<\/p>\n<p style=\"text-align: center;\">Eure Vereinskarte erhaltet Ihr bei den Vorst\u00e4nden der DJK\/FC Se\u00dflach oder im Sportheim.<\/p>\n<p style=\"text-align: center;\">Vielen Dank f\u00fcr eure Unterst\u00fctzung!<\/p>\n<p><img loading=\"lazy\" decoding=\"async\" class=\"wp-image-2406 aligncenter\" src=\"https:\/\/djk-fc-sesslach.de\/wp-content\/uploads\/2021\/06\/image0-220x300.jpeg\" alt=\"\" width=\"266\" height=\"363\" srcset=\"https:\/\/djk-fc-sesslach.de\/wp-content\/uploads\/2021\/06\/image0-220x300.jpeg 220w, https:\/\/djk-fc-sesslach.de\/wp-content\/uploads\/2021\/06\/image0-751x1024.jpeg 751w, https:\/\/djk-fc-sesslach.de\/wp-content\/uploads\/2021\/06\/image0-768x1047.jpeg 768w, https:\/\/djk-fc-sesslach.de\/wp-content\/uploads\/2021\/06\/image0-1127x1536.jpeg 1127w, https:\/\/djk-fc-sesslach.de\/wp-content\/uploads\/2021\/06\/image0-1502x2048.jpeg 1502w, https:\/\/djk-fc-sesslach.de\/wp-content\/uploads\/2021\/06\/image0-1160x1581.jpeg 1160w, https:\/\/djk-fc-sesslach.de\/wp-content\/uploads\/2021\/06\/image0-scaled.jpeg 1878w\" sizes=\"auto, (max-width: 266px) 100vw, 266px\" \/><\/p>\n<p>&nbsp;<\/p>\n","protected":false},"excerpt":{"rendered":"<p>Vielen Dank an EDEKA Schleicher in Niederf\u00fcllbach, dass wir ein Teil dieser Aktion sein d\u00fcrfen. Gerade in der aktuellen Zeit ist jeder Cent hilfreich. Ihr m\u00f6chtet die\u00a0DJK\/FC Se\u00dflach unterst\u00fctzen? Zeigt die Vereinskarte an der Kasse vor! F\u00fcr jeden Einkauf im EDEKA-Mart in Niederf\u00fcllbach wird 1 % vom Einkaufswert an die DJK\/FC Se\u00dflach gespendet. Eure Vereinskarte erhaltet Ihr bei den Vorst\u00e4nden der DJK\/FC Se\u00dflach oder im Sportheim. Vielen Dank f\u00fcr eure Unterst\u00fctzung! &nbsp;<\/p>\n","protected":false},"author":4,"featured_media":0,"comment_status":"closed","ping_status":"closed","sticky":false,"template":"","format":"standard","meta":{"footnotes":""},"categories":[85],"tags":[],"class_list":["post-2400","post","type-post","status-publish","format-standard","hentry","category-news-2021"],"acf":[],"_links":{"self":[{"href":"https:\/\/djk-fc-sesslach.de\/index.php\/wp-json\/wp\/v2\/posts\/2400","targetHints":{"allow":["GET"]}}],"collection":[{"href":"https:\/\/djk-fc-sesslach.de\/index.php\/wp-json\/wp\/v2\/posts"}],"about":[{"href":"https:\/\/djk-fc-sesslach.de\/index.php\/wp-json\/wp\/v2\/types\/post"}],"author":[{"embeddable":true,"href":"https:\/\/djk-fc-sesslach.de\/index.php\/wp-json\/wp\/v2\/users\/4"}],"replies":[{"embeddable":true,"href":"https:\/\/djk-fc-sesslach.de\/index.php\/wp-json\/wp\/v2\/comments?post=2400"}],"version-history":[{"count":6,"href":"https:\/\/djk-fc-sesslach.de\/index.php\/wp-json\/wp\/v2\/posts\/2400\/revisions"}],"predecessor-version":[{"id":3255,"href":"https:\/\/djk-fc-sesslach.de\/index.php\/wp-json\/wp\/v2\/posts\/2400\/revisions\/3255"}],"wp:attachment":[{"href":"https:\/\/djk-fc-sesslach.de\/index.php\/wp-json\/wp\/v2\/media?parent=2400"}],"wp:term":[{"taxonomy":"category","embeddable":true,"href":"https:\/\/djk-fc-sesslach.de\/index.php\/wp-json\/wp\/v2\/categories?post=2400"},{"taxonomy":"post_tag","embeddable":true,"href":"https:\/\/djk-fc-sesslach.de\/index.php\/wp-json\/wp\/v2\/tags?post=2400"}],"curies":[{"name":"wp","href":"https:\/\/api.w.org\/{rel}","templated":true}]}}