{"id":2507,"date":"2021-07-22T12:30:03","date_gmt":"2021-07-22T11:30:03","guid":{"rendered":"https:\/\/djk-fc-sesslach.de\/?p=2507"},"modified":"2021-11-05T16:47:54","modified_gmt":"2021-11-05T15:47:54","slug":"1-sesslacher-funino-turnier-der-g-jugend","status":"publish","type":"post","link":"https:\/\/djk-fc-sesslach.de\/index.php\/2021\/07\/22\/1-sesslacher-funino-turnier-der-g-jugend\/","title":{"rendered":"1. Se\u00dflacher Funino-Turnier der G-Jugend"},"content":{"rendered":"<p style=\"text-align: center;\">am Samstag, 24.07.2021 ab 15 Uhr auf dem Sportgel\u00e4nder der DJK\/FC Se\u00dflach<\/p>\n<p style=\"text-align: center;\"><strong>Teilnehmer:\u00a0<\/strong><\/p>\n<p style=\"text-align: center;\">DJK\/FC Se\u00dflach I und II<br \/>\nDJK Franken Lichtenfels I und II<br \/>\nTSV Staffelstein I und II<\/p>\n<p style=\"text-align: center;\">F\u00fcr das leibliche Wohl ist bestens gesorgt. Es gibt Kaffee &amp; Kuchen, Wiener, Bratw\u00fcrste und Steaks!<\/p>\n<p style=\"text-align: center;\"><strong>Die Kids freuen sich auf EUREN Besuch!\u00a0<\/strong><\/p>\n<p><img loading=\"lazy\" decoding=\"async\" class=\"size-medium wp-image-2444 aligncenter\" src=\"https:\/\/djk-fc-sesslach.de\/wp-content\/uploads\/2021\/07\/WhatsApp-Image-2021-07-01-at-21.43.14-1-300x225.jpeg\" alt=\"\" width=\"300\" height=\"225\" srcset=\"https:\/\/djk-fc-sesslach.de\/wp-content\/uploads\/2021\/07\/WhatsApp-Image-2021-07-01-at-21.43.14-1-300x225.jpeg 300w, https:\/\/djk-fc-sesslach.de\/wp-content\/uploads\/2021\/07\/WhatsApp-Image-2021-07-01-at-21.43.14-1-1024x768.jpeg 1024w, https:\/\/djk-fc-sesslach.de\/wp-content\/uploads\/2021\/07\/WhatsApp-Image-2021-07-01-at-21.43.14-1-768x576.jpeg 768w, https:\/\/djk-fc-sesslach.de\/wp-content\/uploads\/2021\/07\/WhatsApp-Image-2021-07-01-at-21.43.14-1-1536x1152.jpeg 1536w, https:\/\/djk-fc-sesslach.de\/wp-content\/uploads\/2021\/07\/WhatsApp-Image-2021-07-01-at-21.43.14-1-1160x870.jpeg 1160w, https:\/\/djk-fc-sesslach.de\/wp-content\/uploads\/2021\/07\/WhatsApp-Image-2021-07-01-at-21.43.14-1.jpeg 1600w\" sizes=\"auto, (max-width: 300px) 100vw, 300px\" \/><\/p>\n","protected":false},"excerpt":{"rendered":"<p>am Samstag, 24.07.2021 ab 15 Uhr auf dem Sportgel\u00e4nder der DJK\/FC Se\u00dflach Teilnehmer:\u00a0 DJK\/FC Se\u00dflach I und II DJK Franken Lichtenfels I und II TSV Staffelstein I und II F\u00fcr das leibliche Wohl ist bestens gesorgt. Es gibt Kaffee &amp; Kuchen, Wiener, Bratw\u00fcrste und Steaks! Die Kids freuen sich auf EUREN Besuch!\u00a0<\/p>\n","protected":false},"author":4,"featured_media":0,"comment_status":"closed","ping_status":"closed","sticky":false,"template":"","format":"standard","meta":{"footnotes":""},"categories":[11,13,85,21],"tags":[],"class_list":["post-2507","post","type-post","status-publish","format-standard","hentry","category-abteilungen","category-fussball","category-news-2021","category-veranstaltungen"],"acf":[],"_links":{"self":[{"href":"https:\/\/djk-fc-sesslach.de\/index.php\/wp-json\/wp\/v2\/posts\/2507","targetHints":{"allow":["GET"]}}],"collection":[{"href":"https:\/\/djk-fc-sesslach.de\/index.php\/wp-json\/wp\/v2\/posts"}],"about":[{"href":"https:\/\/djk-fc-sesslach.de\/index.php\/wp-json\/wp\/v2\/types\/post"}],"author":[{"embeddable":true,"href":"https:\/\/djk-fc-sesslach.de\/index.php\/wp-json\/wp\/v2\/users\/4"}],"replies":[{"embeddable":true,"href":"https:\/\/djk-fc-sesslach.de\/index.php\/wp-json\/wp\/v2\/comments?post=2507"}],"version-history":[{"count":1,"href":"https:\/\/djk-fc-sesslach.de\/index.php\/wp-json\/wp\/v2\/posts\/2507\/revisions"}],"predecessor-version":[{"id":2509,"href":"https:\/\/djk-fc-sesslach.de\/index.php\/wp-json\/wp\/v2\/posts\/2507\/revisions\/2509"}],"wp:attachment":[{"href":"https:\/\/djk-fc-sesslach.de\/index.php\/wp-json\/wp\/v2\/media?parent=2507"}],"wp:term":[{"taxonomy":"category","embeddable":true,"href":"https:\/\/djk-fc-sesslach.de\/index.php\/wp-json\/wp\/v2\/categories?post=2507"},{"taxonomy":"post_tag","embeddable":true,"href":"https:\/\/djk-fc-sesslach.de\/index.php\/wp-json\/wp\/v2\/tags?post=2507"}],"curies":[{"name":"wp","href":"https:\/\/api.w.org\/{rel}","templated":true}]}}