{"id":2510,"date":"2021-07-23T10:30:10","date_gmt":"2021-07-23T09:30:10","guid":{"rendered":"https:\/\/djk-fc-sesslach.de\/?p=2510"},"modified":"2021-07-27T15:53:38","modified_gmt":"2021-07-27T14:53:38","slug":"die-hallensanierung-geht-in-die-naechste-runde","status":"publish","type":"post","link":"https:\/\/djk-fc-sesslach.de\/index.php\/2021\/07\/23\/die-hallensanierung-geht-in-die-naechste-runde\/","title":{"rendered":"Die Hallensanierung geht in die n\u00e4chste Runde!"},"content":{"rendered":"<p style=\"text-align: center;\">Am Samstag m\u00f6chten wir die D\u00e4mmung an der Hallendecke anbringen. Und auch im Au\u00dfenbereich ist noch das ein oder andere zu erledigen.<\/p>\n<p style=\"text-align: center;\">Es w\u00e4re sch\u00f6n, wenn sich ein paar freiwillige Helfer ab 8 Uhr am Sportheim einfinden.<\/p>\n<p style=\"text-align: center;\">..viele flei\u00dfige H\u00e4nde, schaffen ein schnelles Ende!<\/p>\n","protected":false},"excerpt":{"rendered":"<p>Am Samstag m\u00f6chten wir die D\u00e4mmung an der Hallendecke anbringen. Und auch im Au\u00dfenbereich ist noch das ein oder andere zu erledigen. Es w\u00e4re sch\u00f6n, wenn sich ein paar freiwillige Helfer ab 8 Uhr am Sportheim einfinden. ..viele flei\u00dfige H\u00e4nde, schaffen ein schnelles Ende!<\/p>\n","protected":false},"author":4,"featured_media":0,"comment_status":"closed","ping_status":"closed","sticky":false,"template":"","format":"standard","meta":{"footnotes":""},"categories":[85],"tags":[],"class_list":["post-2510","post","type-post","status-publish","format-standard","hentry","category-news-2021"],"acf":[],"_links":{"self":[{"href":"https:\/\/djk-fc-sesslach.de\/index.php\/wp-json\/wp\/v2\/posts\/2510","targetHints":{"allow":["GET"]}}],"collection":[{"href":"https:\/\/djk-fc-sesslach.de\/index.php\/wp-json\/wp\/v2\/posts"}],"about":[{"href":"https:\/\/djk-fc-sesslach.de\/index.php\/wp-json\/wp\/v2\/types\/post"}],"author":[{"embeddable":true,"href":"https:\/\/djk-fc-sesslach.de\/index.php\/wp-json\/wp\/v2\/users\/4"}],"replies":[{"embeddable":true,"href":"https:\/\/djk-fc-sesslach.de\/index.php\/wp-json\/wp\/v2\/comments?post=2510"}],"version-history":[{"count":2,"href":"https:\/\/djk-fc-sesslach.de\/index.php\/wp-json\/wp\/v2\/posts\/2510\/revisions"}],"predecessor-version":[{"id":2512,"href":"https:\/\/djk-fc-sesslach.de\/index.php\/wp-json\/wp\/v2\/posts\/2510\/revisions\/2512"}],"wp:attachment":[{"href":"https:\/\/djk-fc-sesslach.de\/index.php\/wp-json\/wp\/v2\/media?parent=2510"}],"wp:term":[{"taxonomy":"category","embeddable":true,"href":"https:\/\/djk-fc-sesslach.de\/index.php\/wp-json\/wp\/v2\/categories?post=2510"},{"taxonomy":"post_tag","embeddable":true,"href":"https:\/\/djk-fc-sesslach.de\/index.php\/wp-json\/wp\/v2\/tags?post=2510"}],"curies":[{"name":"wp","href":"https:\/\/api.w.org\/{rel}","templated":true}]}}