{"id":2603,"date":"2021-09-07T15:00:01","date_gmt":"2021-09-07T14:00:01","guid":{"rendered":"https:\/\/djk-fc-sesslach.de\/?p=2603"},"modified":"2021-10-11T14:34:09","modified_gmt":"2021-10-11T13:34:09","slug":"einladung-zur-jahreshauptversammlung","status":"publish","type":"post","link":"https:\/\/djk-fc-sesslach.de\/index.php\/2021\/09\/07\/einladung-zur-jahreshauptversammlung\/","title":{"rendered":"Einladung zur Jahreshauptversammlung"},"content":{"rendered":"<p>Zur Jahreshauptversammlung der DJK\/FC Se\u00dflach am\u00a0<strong>Freitag, 08.10.2021<\/strong>\u00a0sind alle\u00a0aktiven und passiven Mitglieder recht herzlich eingeladen.\u00a0<strong>Beginn: 19 Uhr im\u00a0<\/strong><strong>Sportheim!<\/strong><\/p>\n<p><strong>\u00a0<\/strong><i>Tagesordnungspunkte:<\/i><\/p>\n<p><i>\u00a0<\/i>1.\u00a0Er\u00f6ffnung \u2013 Begr\u00fc\u00dfung \u2013 Totengedenken; Feststellung der satzungsrechten Einladung\u00a0und Beschlussfassung \u00fcber die Tagesordnung<\/p>\n<p>2. Berichte aus dem Vorstand<\/p>\n<p>2.1. Bericht des Vorsitzenden \u00d6ffentlichkeitsarbeit und Medien<\/p>\n<p>2.2. Bericht des Vorsitzenden Finanzen und Verwaltung<\/p>\n<p>2.3. Bericht des Vorsitzenden Bewirtung und Sportgel\u00e4nde<\/p>\n<p>3.\u00a0Berichte der einzelnen Abteilungen<\/p>\n<p>4.\u00a0Bericht des Ehrenamtsbeauftragten<\/p>\n<p>5.\u00a0 Gru\u00dfworte<\/p>\n<p>6.\u00a0Antr\u00e4ge<\/p>\n<p>7. 100-j\u00e4hriges Vereinsjubil\u00e4um am 25.05.2022 bis 29.05.2022<\/p>\n<p>8.\u00a0Ausblick<\/p>\n<p>9.\u00a0W\u00fcnsche<\/p>\n<p>10. Gem\u00fctliches Beisammensein<\/p>\n<p>Antr\u00e4ge m\u00fcssen schriftlich bis sp\u00e4testens 01.10.2021 beim Vorstand eingehen!<\/p>\n<p>gez.\u00a0Die Vorstandschaft<\/p>\n","protected":false},"excerpt":{"rendered":"<p>Zur Jahreshauptversammlung der DJK\/FC Se\u00dflach am\u00a0Freitag, 08.10.2021\u00a0sind alle\u00a0aktiven und passiven Mitglieder recht herzlich eingeladen.\u00a0Beginn: 19 Uhr im\u00a0Sportheim! \u00a0Tagesordnungspunkte: \u00a01.\u00a0Er\u00f6ffnung \u2013 Begr\u00fc\u00dfung \u2013 Totengedenken; Feststellung der satzungsrechten Einladung\u00a0und Beschlussfassung \u00fcber die Tagesordnung 2. Berichte aus dem Vorstand 2.1. Bericht des Vorsitzenden \u00d6ffentlichkeitsarbeit und Medien 2.2. Bericht des Vorsitzenden Finanzen und Verwaltung 2.3. Bericht des Vorsitzenden Bewirtung und Sportgel\u00e4nde 3.\u00a0Berichte der einzelnen Abteilungen 4.\u00a0Bericht des Ehrenamtsbeauftragten 5.\u00a0 Gru\u00dfworte 6.\u00a0Antr\u00e4ge 7. 100-j\u00e4hriges Vereinsjubil\u00e4um am 25.05.2022 bis 29.05.2022 8.\u00a0Ausblick 9.\u00a0W\u00fcnsche 10. Gem\u00fctliches Beisammensein Antr\u00e4ge m\u00fcssen schriftlich bis sp\u00e4testens 01.10.2021 beim Vorstand eingehen! gez.\u00a0Die Vorstandschaft<\/p>\n","protected":false},"author":4,"featured_media":0,"comment_status":"closed","ping_status":"closed","sticky":false,"template":"","format":"standard","meta":{"footnotes":""},"categories":[85],"tags":[],"class_list":["post-2603","post","type-post","status-publish","format-standard","hentry","category-news-2021"],"acf":[],"_links":{"self":[{"href":"https:\/\/djk-fc-sesslach.de\/index.php\/wp-json\/wp\/v2\/posts\/2603","targetHints":{"allow":["GET"]}}],"collection":[{"href":"https:\/\/djk-fc-sesslach.de\/index.php\/wp-json\/wp\/v2\/posts"}],"about":[{"href":"https:\/\/djk-fc-sesslach.de\/index.php\/wp-json\/wp\/v2\/types\/post"}],"author":[{"embeddable":true,"href":"https:\/\/djk-fc-sesslach.de\/index.php\/wp-json\/wp\/v2\/users\/4"}],"replies":[{"embeddable":true,"href":"https:\/\/djk-fc-sesslach.de\/index.php\/wp-json\/wp\/v2\/comments?post=2603"}],"version-history":[{"count":1,"href":"https:\/\/djk-fc-sesslach.de\/index.php\/wp-json\/wp\/v2\/posts\/2603\/revisions"}],"predecessor-version":[{"id":2604,"href":"https:\/\/djk-fc-sesslach.de\/index.php\/wp-json\/wp\/v2\/posts\/2603\/revisions\/2604"}],"wp:attachment":[{"href":"https:\/\/djk-fc-sesslach.de\/index.php\/wp-json\/wp\/v2\/media?parent=2603"}],"wp:term":[{"taxonomy":"category","embeddable":true,"href":"https:\/\/djk-fc-sesslach.de\/index.php\/wp-json\/wp\/v2\/categories?post=2603"},{"taxonomy":"post_tag","embeddable":true,"href":"https:\/\/djk-fc-sesslach.de\/index.php\/wp-json\/wp\/v2\/tags?post=2603"}],"curies":[{"name":"wp","href":"https:\/\/api.w.org\/{rel}","templated":true}]}}