{"id":2839,"date":"2022-01-25T11:00:24","date_gmt":"2022-01-25T10:00:24","guid":{"rendered":"https:\/\/djk-fc-sesslach.de\/?p=2839"},"modified":"2022-10-14T09:10:16","modified_gmt":"2022-10-14T08:10:16","slug":"fussballcamp-15-07-2022-bis-17-07-2022","status":"publish","type":"post","link":"https:\/\/djk-fc-sesslach.de\/index.php\/2022\/01\/25\/fussballcamp-15-07-2022-bis-17-07-2022\/","title":{"rendered":"Fu\u00dfballcamp 15.07.2022 bis 17.07.2022"},"content":{"rendered":"<p style=\"text-align: center;\">Am 15.07.2022 bis 17.07.2022 findet auf dem Sportgel\u00e4nde der DJK\/FC Sesslach ein Fu\u00dfballcamp nach dem Konzept der S04-Spielerlegende Ingo Anderbr\u00fcgge statt. Teilnehmen k\u00f6nnen Kinder zwischen 5 und 15 Jahren. Weitere Informationen k\u00f6nnen dem Flyer entnommen werden.<\/p>\n<p style=\"text-align: center;\">Hinweis: Es gibt eine begrenzte Teilnehmerzahl. Eine Online-Anmeldung \u00fcber nachfolgenden Link ist zwingend notwendig:<br \/>\n<strong>https:\/\/www.fussballfabrik.com\/camps\/djk-fc-1922-sesslach\/a-2317<\/strong><\/p>\n<p style=\"text-align: center;\">Wir freuen uns auf euren Besuch!<\/p>\n<p>&nbsp;<\/p>\n<p><img loading=\"lazy\" decoding=\"async\" class=\"aligncenter wp-image-2840\" src=\"https:\/\/djk-fc-sesslach.de\/wp-content\/uploads\/2022\/01\/Fussballcamp-724x1024.jpg\" alt=\"\" width=\"450\" height=\"637\" srcset=\"https:\/\/djk-fc-sesslach.de\/wp-content\/uploads\/2022\/01\/Fussballcamp-724x1024.jpg 724w, https:\/\/djk-fc-sesslach.de\/wp-content\/uploads\/2022\/01\/Fussballcamp-212x300.jpg 212w, https:\/\/djk-fc-sesslach.de\/wp-content\/uploads\/2022\/01\/Fussballcamp-768x1086.jpg 768w, https:\/\/djk-fc-sesslach.de\/wp-content\/uploads\/2022\/01\/Fussballcamp-1086x1536.jpg 1086w, https:\/\/djk-fc-sesslach.de\/wp-content\/uploads\/2022\/01\/Fussballcamp-1160x1641.jpg 1160w, https:\/\/djk-fc-sesslach.de\/wp-content\/uploads\/2022\/01\/Fussballcamp.jpg 1240w\" sizes=\"auto, (max-width: 450px) 100vw, 450px\" \/><\/p>\n<p style=\"text-align: center;\">_______________________________________________<\/p>\n<p><img loading=\"lazy\" decoding=\"async\" class=\"size-medium wp-image-2887 aligncenter\" src=\"https:\/\/djk-fc-sesslach.de\/wp-content\/uploads\/2022\/01\/Torhunger_Logo-Farbe-300x212.png\" alt=\"\" width=\"300\" height=\"212\" srcset=\"https:\/\/djk-fc-sesslach.de\/wp-content\/uploads\/2022\/01\/Torhunger_Logo-Farbe-300x212.png 300w, https:\/\/djk-fc-sesslach.de\/wp-content\/uploads\/2022\/01\/Torhunger_Logo-Farbe-1024x724.png 1024w, https:\/\/djk-fc-sesslach.de\/wp-content\/uploads\/2022\/01\/Torhunger_Logo-Farbe-768x543.png 768w, https:\/\/djk-fc-sesslach.de\/wp-content\/uploads\/2022\/01\/Torhunger_Logo-Farbe-1536x1086.png 1536w, https:\/\/djk-fc-sesslach.de\/wp-content\/uploads\/2022\/01\/Torhunger_Logo-Farbe-2048x1448.png 2048w, https:\/\/djk-fc-sesslach.de\/wp-content\/uploads\/2022\/01\/Torhunger_Logo-Farbe-1160x820.png 1160w\" sizes=\"auto, (max-width: 300px) 100vw, 300px\" \/><\/p>\n<p style=\"text-align: center;\"><span style=\"text-decoration: underline;\"><strong>Torhunger \u2013 Richtig ern\u00e4hren. Besser kicken.<\/strong><\/span><\/p>\n<p style=\"text-align: center;\">Unter diesem Motto verankert REWE in der Partnerschaft mit dem DFB die<br \/>\nBedeutung von gesunder Ern\u00e4hrung nachhaltig im deutschen Fu\u00dfball \u2013 von den<br \/>\nNationalmannschaften bis in den Amateurbereich.<br \/>\nAuf <a href=\"http:\/\/www.torhunger.de\">torhunger.de<\/a> bietet REWE eine umfangreiche Plattform mit<br \/>\nTipps zur gesunden Ern\u00e4hrung. Hier erf\u00e4hrst du, warum die richtige Ern\u00e4hrung<br \/>\nwichtig f\u00fcr dich ist und wie sie dich dabei unterst\u00fctzen kann, deine Leistung auf das<br \/>\nn\u00e4chste Level zu bringen. Aktuelle Beitr\u00e4ge, Videos und Rezepte helfen dir dabei.<br \/>\nGemeinsam mit REWE haben wir das Ziel, gesunde Ern\u00e4hrung im Jugendfu\u00dfball zu<br \/>\netablieren. Wir freuen uns sehr, Kooperationspartner dieses Engagements zu sein<br \/>\nund unsere Camp-Teilnehmer mit den spannenden REWE Trainingsmodulen zu<br \/>\nunterst\u00fctzen.<\/p>\n","protected":false},"excerpt":{"rendered":"<p>Am 15.07.2022 bis 17.07.2022 findet auf dem Sportgel\u00e4nde der DJK\/FC Sesslach ein Fu\u00dfballcamp nach dem Konzept der S04-Spielerlegende Ingo Anderbr\u00fcgge statt. Teilnehmen k\u00f6nnen Kinder zwischen 5 und 15 Jahren. Weitere Informationen k\u00f6nnen dem Flyer entnommen werden. Hinweis: Es gibt eine begrenzte Teilnehmerzahl. Eine Online-Anmeldung \u00fcber nachfolgenden Link ist zwingend notwendig: https:\/\/www.fussballfabrik.com\/camps\/djk-fc-1922-sesslach\/a-2317 Wir freuen uns auf euren Besuch! &nbsp; _______________________________________________ Torhunger \u2013 Richtig ern\u00e4hren. Besser kicken. Unter diesem Motto verankert REWE in der Partnerschaft mit dem DFB die Bedeutung von gesunder Ern\u00e4hrung nachhaltig im deutschen Fu\u00dfball \u2013 von den Nationalmannschaften bis in den Amateurbereich. Auf torhunger.de bietet REWE eine umfangreiche Plattform mit Tipps zur gesunden Ern\u00e4hrung. Hier erf\u00e4hrst du, warum die richtige Ern\u00e4hrung wichtig f\u00fcr dich ist und wie sie dich dabei unterst\u00fctzen kann, deine Leistung auf das n\u00e4chste Level zu bringen. Aktuelle Beitr\u00e4ge, Videos und Rezepte helfen dir dabei. Gemeinsam mit REWE haben wir das Ziel, gesunde Ern\u00e4hrung im Jugendfu\u00dfball zu etablieren. Wir freuen uns sehr, Kooperationspartner dieses Engagements zu sein und unsere Camp-Teilnehmer mit den spannenden REWE Trainingsmodulen zu unterst\u00fctzen.<\/p>\n","protected":false},"author":4,"featured_media":0,"comment_status":"closed","ping_status":"closed","sticky":false,"template":"","format":"standard","meta":{"footnotes":""},"categories":[86],"tags":[],"class_list":["post-2839","post","type-post","status-publish","format-standard","hentry","category-news-2022"],"acf":[],"_links":{"self":[{"href":"https:\/\/djk-fc-sesslach.de\/index.php\/wp-json\/wp\/v2\/posts\/2839","targetHints":{"allow":["GET"]}}],"collection":[{"href":"https:\/\/djk-fc-sesslach.de\/index.php\/wp-json\/wp\/v2\/posts"}],"about":[{"href":"https:\/\/djk-fc-sesslach.de\/index.php\/wp-json\/wp\/v2\/types\/post"}],"author":[{"embeddable":true,"href":"https:\/\/djk-fc-sesslach.de\/index.php\/wp-json\/wp\/v2\/users\/4"}],"replies":[{"embeddable":true,"href":"https:\/\/djk-fc-sesslach.de\/index.php\/wp-json\/wp\/v2\/comments?post=2839"}],"version-history":[{"count":5,"href":"https:\/\/djk-fc-sesslach.de\/index.php\/wp-json\/wp\/v2\/posts\/2839\/revisions"}],"predecessor-version":[{"id":2890,"href":"https:\/\/djk-fc-sesslach.de\/index.php\/wp-json\/wp\/v2\/posts\/2839\/revisions\/2890"}],"wp:attachment":[{"href":"https:\/\/djk-fc-sesslach.de\/index.php\/wp-json\/wp\/v2\/media?parent=2839"}],"wp:term":[{"taxonomy":"category","embeddable":true,"href":"https:\/\/djk-fc-sesslach.de\/index.php\/wp-json\/wp\/v2\/categories?post=2839"},{"taxonomy":"post_tag","embeddable":true,"href":"https:\/\/djk-fc-sesslach.de\/index.php\/wp-json\/wp\/v2\/tags?post=2839"}],"curies":[{"name":"wp","href":"https:\/\/api.w.org\/{rel}","templated":true}]}}