{"id":3039,"date":"2022-06-07T18:00:00","date_gmt":"2022-06-07T17:00:00","guid":{"rendered":"https:\/\/djk-fc-sesslach.de\/?p=3039"},"modified":"2022-10-14T09:08:10","modified_gmt":"2022-10-14T08:08:10","slug":"rueckblick-auf-das-100jaehrige-vereinsjubilaeum","status":"publish","type":"post","link":"https:\/\/djk-fc-sesslach.de\/index.php\/2022\/06\/07\/rueckblick-auf-das-100jaehrige-vereinsjubilaeum\/","title":{"rendered":"R\u00fcckblick auf das 100j\u00e4hrige Vereinsjubil\u00e4um"},"content":{"rendered":"<div class=\"kvgmc6g5 cxmmr5t8 oygrvhab hcukyx3x c1et5uql ii04i59q\">\n<div dir=\"auto\">100 Jahre DJK\/FC Sesslach!<\/div>\n<div dir=\"auto\"><span style=\"color: #ffffff;\">fgd<\/span><\/div>\n<\/div>\n<div class=\"cxmmr5t8 oygrvhab hcukyx3x c1et5uql o9v6fnle ii04i59q\">\n<div dir=\"auto\">Vom 25.05.2022 bis 29.05.2022 feierte die DJK\/FC Sesslach das 100j\u00e4hrige Jubil\u00e4um.<\/div>\n<div dir=\"auto\"><span style=\"color: #ffffff;\">.f<\/span><\/div>\n<\/div>\n<div class=\"cxmmr5t8 oygrvhab hcukyx3x c1et5uql o9v6fnle ii04i59q\">\n<div dir=\"auto\">Am Mittwoch begann das Jubil\u00e4um mit den Stadtmeisterschaften im Tischtennis und Steeldart.<\/div>\n<\/div>\n<div class=\"cxmmr5t8 oygrvhab hcukyx3x c1et5uql o9v6fnle ii04i59q\">\n<div dir=\"auto\">Ergebnisse:<\/div>\n<div dir=\"auto\">Stadtmeister Tischtennis Jugend Einzel: Martin Miller<\/div>\n<div dir=\"auto\">Stadtmeister Tischtennis Jugend Doppel: Martin Miller und Marc W\u00fcrstlein<\/div>\n<div dir=\"auto\">Stadtmeister Tischtennis Herren Einzel: Alexander Herbrand<\/div>\n<div dir=\"auto\">Stadtmeister Tischtennis Herren Doppel: Stefan M\u00fcller und Alexander Herbrand<\/div>\n<div dir=\"auto\">Stadtmeister Steeldart: Hendirk Appis<\/div>\n<div dir=\"auto\"><span style=\"color: #ffffff;\">.<\/span><\/div>\n<\/div>\n<div class=\"cxmmr5t8 oygrvhab hcukyx3x c1et5uql o9v6fnle ii04i59q\">\n<div dir=\"auto\">Am Donnerstagmorgen fand auf dem Festgel\u00e4nde ein \u00f6kumenischer Gottesdienst und anschlie\u00dfend die Matinee statt. Zum Mittag gab es Ochs am Spie\u00df &#8211; an dieser Stelle herzlichen Dank an die Fleischerei Brehm und ans Gasthaus Reinwand. Um 17:00 Uhr fand das Relegationsspiel zwischen dem TSV Scherneck und dem TSVfB Krecktal statt. Zum Spiel konnten wir ca. 1000 Zuschauer begr\u00fc\u00dfen!<\/div>\n<div dir=\"auto\"><span style=\"color: #ffffff;\">.<\/span><\/div>\n<\/div>\n<div class=\"cxmmr5t8 oygrvhab hcukyx3x c1et5uql o9v6fnle ii04i59q\">\n<div dir=\"auto\">Die AH-Stadtmeisterschaft fand am Freitagabend statt. Die Stadtmeisterschaft verfehlten unsere M\u00e4nner der DJK\/FC Sesslach nur ganz knapp &#8211; sie waren zwar Punktgleich mit dem SV Heilgersdorf, hatten jedoch in der Schlussbilanz eine schlechtere Tordifferenz. Wir danken allen Teilnehmern und hoffen, dass die Stadtmeisterschaft der AH auch in den n\u00e4chsten Jahren fortgef\u00fchrt wird.<\/div>\n<\/div>\n<div class=\"cxmmr5t8 oygrvhab hcukyx3x c1et5uql o9v6fnle ii04i59q\">\n<div dir=\"auto\">Ergebnisse:<\/div>\n<div dir=\"auto\">Platz 1: SV Heilgersdorf<\/div>\n<div dir=\"auto\">Platz 2: DJK\/FC Sesslach<\/div>\n<div dir=\"auto\">Platz 3: VFB Autenhausen<\/div>\n<div dir=\"auto\">Platz 4: SpVgg Dietersdorf<\/div>\n<\/div>\n<div class=\"cxmmr5t8 oygrvhab hcukyx3x c1et5uql o9v6fnle ii04i59q\">\n<div dir=\"auto\">Bis in die sp\u00e4ten Stunden wurde im Festzelt mit Jung und Alt gemeinsam gefeiert. Es war ein erfolgreicher Abend. Vielen Dank an DJ Eckes der das Zelt mit den Hits der 80er\/90er\/2000er einheizte.<\/div>\n<div dir=\"auto\"><span style=\"color: #ffffff;\">.<\/span><\/div>\n<\/div>\n<div class=\"cxmmr5t8 oygrvhab hcukyx3x c1et5uql o9v6fnle ii04i59q\">\n<div dir=\"auto\">Der Samstagmittag stand ganz im Sinne der Jugend. Neben den Fu\u00dfballspielen der G-, F-, D- und A-Jugend fand ein kleines Kinderprogramm mit Kinderschminken statt. Am Abend sorgten die Partyfranken f\u00fcr Stimmung. Leider wurde es in den sp\u00e4teren Abendstunden sehr kalt, sodass der Samstagabend eher unterdurchschnittlich ausfiel.<\/div>\n<div dir=\"auto\">..vielleicht aber hatte der ein oder andere am Tag zuvor zu tief ins Glas geschaut <span class=\"pq6dq46d tbxw36s4 knj5qynh kvgmc6g5 ditlmg2l oygrvhab nvdbi5me sf5mxxl7 gl3lb2sf hhz5lgdu\"><img loading=\"lazy\" decoding=\"async\" src=\"https:\/\/static.xx.fbcdn.net\/images\/emoji.php\/v9\/tcd\/1\/16\/1f643.png\" alt=\"?\" width=\"16\" height=\"16\" \/><\/span><\/div>\n<div dir=\"auto\"><span style=\"color: #ffffff;\">.<\/span><\/div>\n<\/div>\n<div class=\"cxmmr5t8 oygrvhab hcukyx3x c1et5uql o9v6fnle ii04i59q\">\n<div dir=\"auto\">Der Sonntagmorgen begann mit unserem Festgottesdienst in der Stadtpfarrkirche. Anschlie\u00dfend wurden wir durch den Spielmannszug Coburg-Neuses auf das Festgel\u00e4nde begleitet.<\/div>\n<\/div>\n<div class=\"cxmmr5t8 oygrvhab hcukyx3x c1et5uql o9v6fnle ii04i59q\">\n<div dir=\"auto\">Wir ehrten..<\/div>\n<div dir=\"auto\">..f\u00fcr 25 Jahre Mitgliedschaft: Herbert Zapf, Matthias Besold, Peter Mittag, Johannes Holzmann, Emanuel Treiber, Max Schelhorn, Simon Salb, Florian Fischer, G\u00fcnter Schleicher, Thomas Ois, Claudia Koch, Robert R\u00f6\u00dfner, Felix Gagel, Manuel Kraus, Fabian Bartsch, Stephan Gabert<\/div>\n<div dir=\"auto\">..f\u00fcr 40 Jahre Mitgliedschaft: Ursula Rost, Alfred Thein, Uwe Wabroschek, Petra Bohl,Hubertus Funk, Wolfgang R\u00f6\u00dfner, Anni Lindner<\/div>\n<div dir=\"auto\">..f\u00fcr 50 Jahre Mitgliedschaft: Manfred Knote, Anton Br\u00fcckner, Armin Scholz, Hans Pecht, Michael W\u00fcrstlein, Maria Trinkerl, Alfred Pfister, Gerhard Hoffmann, Adolf Schoder, Gerhard R\u00f6\u00dfner, Otto M\u00fcller, Ambros Gagel<\/div>\n<div dir=\"auto\">..f\u00fcr 60 Jahre Mitgliedschaft: Otto Raab, Hermann M\u00fcller, Georg Jennes, Karl-Heinz Falk, Wolfgang Bub, Josef Gast<\/div>\n<div dir=\"auto\">..f\u00fcr 65 Jahre Mitgliedschaft: Willi Hollfelder<\/div>\n<div dir=\"auto\">..f\u00fcr 70 Jahre Mitgliedschaft: Waldemar Raab, Christa Heinl, Ehrenfried Girschke, Herbert M\u00fcller<\/div>\n<div dir=\"auto\">..f\u00fcr 80 Jahre Mitgliedschaft: Heinz Schleicher<\/div>\n<\/div>\n<div class=\"cxmmr5t8 oygrvhab hcukyx3x c1et5uql o9v6fnle ii04i59q\">\n<div dir=\"auto\">Zum Ehrenmitglied wurden Anton Br\u00fcckner, Heinz Schleicher, Bernd Wittmann, Herbert M\u00fcller und Uwe Schmidt ernannt.<\/div>\n<div dir=\"auto\"><span style=\"color: #ffffff;\">.<\/span><\/div>\n<\/div>\n<div class=\"cxmmr5t8 oygrvhab hcukyx3x c1et5uql o9v6fnle ii04i59q\">\n<div dir=\"auto\">Vielen Dank an alle Mitglieder f\u00fcr eure Treue zum Verein!<\/div>\n<\/div>\n<div class=\"cxmmr5t8 oygrvhab hcukyx3x c1et5uql o9v6fnle ii04i59q\">\n<div dir=\"auto\">Zum Mittag gab es Mittagessen vom Gasthaus Reinwand &#8211; Vielen Dank f\u00fcr die tolle Organisation!<\/div>\n<\/div>\n<div class=\"cxmmr5t8 oygrvhab hcukyx3x c1et5uql o9v6fnle ii04i59q\">\n<div dir=\"auto\">Den Sonntagabend lie\u00df man anschlie\u00dfend gem\u00fctlich mit den Freundschaftsspielen der 1. und 2. Mannschaft ausklingen. Vielen Dank hierbei an den VfB Neuensee II und der DJK Don Bosco Bamberg II.<\/div>\n<\/div>\n<div dir=\"auto\"><span style=\"color: #ffffff;\">.<\/span><\/div>\n<div dir=\"auto\">\n<div class=\"kvgmc6g5 cxmmr5t8 oygrvhab hcukyx3x c1et5uql ii04i59q\">\n<div dir=\"auto\">Wir sagen DANKE an..<\/div>\n<\/div>\n<div class=\"cxmmr5t8 oygrvhab hcukyx3x c1et5uql o9v6fnle ii04i59q\">\n<div dir=\"auto\">..alle Besucher, Fans, G\u00f6nner und Sponsoren<\/div>\n<div dir=\"auto\">..alle freiwilligen ehrenamtlichen Helfern<\/div>\n<div dir=\"auto\">..an die Stadt Se\u00dflach<\/div>\n<div dir=\"auto\">..an die Gastwirtschaft Reinwand<\/div>\n<div dir=\"auto\">..an die Fleischerei Brehm<\/div>\n<div dir=\"auto\">..an die B\u00e4ckerei Schoder<\/div>\n<div dir=\"auto\">..an die P\u00fcls-Br\u00e4u<\/div>\n<div dir=\"auto\">..an das Weinhaus am Maximiliansplatz<\/div>\n<div dir=\"auto\">..an alle musizierenden Gruppen &#8211; Duo Hollywood, die Partyfranken, DJ-Eckes, Spielmannszug Coburg-Neuses<\/div>\n<div dir=\"auto\">..an die Mannschaften des VfB Neuensee II und der DJK Don Bosco Bamberg II<\/div>\n<div dir=\"auto\"><span style=\"color: #ffffff;\">.<\/span><\/div>\n<\/div>\n<\/div>\n<div class=\"cxmmr5t8 oygrvhab hcukyx3x c1et5uql o9v6fnle ii04i59q\">\n<div dir=\"auto\">Insgesamt schauen wir auf 5 erfolgreiche Tage zur\u00fcck! Es hat uns Spa\u00df gemacht gemeinsam mit euch zu feiern!<\/div>\n<\/div>\n<div class=\"cxmmr5t8 oygrvhab hcukyx3x c1et5uql o9v6fnle ii04i59q\">\n<div dir=\"auto\">..auf weitere 100 Jahre DJK\/FC Sesslach <span class=\"pq6dq46d tbxw36s4 knj5qynh kvgmc6g5 ditlmg2l oygrvhab nvdbi5me sf5mxxl7 gl3lb2sf hhz5lgdu\"><img loading=\"lazy\" decoding=\"async\" src=\"https:\/\/static.xx.fbcdn.net\/images\/emoji.php\/v9\/t6c\/1\/16\/2764.png\" alt=\"\u2764\ufe0f\" width=\"16\" height=\"16\" \/><\/span><\/div>\n<\/div>\n<div dir=\"auto\"><\/div>\n<div dir=\"auto\"><img loading=\"lazy\" decoding=\"async\" class=\"size-medium wp-image-3040 aligncenter\" src=\"https:\/\/djk-fc-sesslach.de\/wp-content\/uploads\/2022\/06\/IMG_5381-300x225.jpg\" alt=\"\" width=\"300\" height=\"225\" srcset=\"https:\/\/djk-fc-sesslach.de\/wp-content\/uploads\/2022\/06\/IMG_5381-300x225.jpg 300w, https:\/\/djk-fc-sesslach.de\/wp-content\/uploads\/2022\/06\/IMG_5381-1024x768.jpg 1024w, https:\/\/djk-fc-sesslach.de\/wp-content\/uploads\/2022\/06\/IMG_5381-768x576.jpg 768w, https:\/\/djk-fc-sesslach.de\/wp-content\/uploads\/2022\/06\/IMG_5381-1536x1152.jpg 1536w, https:\/\/djk-fc-sesslach.de\/wp-content\/uploads\/2022\/06\/IMG_5381-2048x1536.jpg 2048w, https:\/\/djk-fc-sesslach.de\/wp-content\/uploads\/2022\/06\/IMG_5381-1160x870.jpg 1160w\" sizes=\"auto, (max-width: 300px) 100vw, 300px\" \/><img loading=\"lazy\" decoding=\"async\" class=\"alignnone size-medium wp-image-3041 aligncenter\" src=\"https:\/\/djk-fc-sesslach.de\/wp-content\/uploads\/2022\/06\/IMG_5406-300x225.jpg\" alt=\"\" width=\"300\" height=\"225\" srcset=\"https:\/\/djk-fc-sesslach.de\/wp-content\/uploads\/2022\/06\/IMG_5406-300x225.jpg 300w, https:\/\/djk-fc-sesslach.de\/wp-content\/uploads\/2022\/06\/IMG_5406-1024x768.jpg 1024w, https:\/\/djk-fc-sesslach.de\/wp-content\/uploads\/2022\/06\/IMG_5406-768x576.jpg 768w, https:\/\/djk-fc-sesslach.de\/wp-content\/uploads\/2022\/06\/IMG_5406-1536x1152.jpg 1536w, https:\/\/djk-fc-sesslach.de\/wp-content\/uploads\/2022\/06\/IMG_5406-2048x1536.jpg 2048w, https:\/\/djk-fc-sesslach.de\/wp-content\/uploads\/2022\/06\/IMG_5406-1160x870.jpg 1160w\" sizes=\"auto, (max-width: 300px) 100vw, 300px\" \/><img loading=\"lazy\" decoding=\"async\" class=\"alignnone size-medium wp-image-3042 aligncenter\" src=\"https:\/\/djk-fc-sesslach.de\/wp-content\/uploads\/2022\/06\/IMG_2560-300x225.jpg\" alt=\"\" width=\"300\" height=\"225\" srcset=\"https:\/\/djk-fc-sesslach.de\/wp-content\/uploads\/2022\/06\/IMG_2560-300x225.jpg 300w, https:\/\/djk-fc-sesslach.de\/wp-content\/uploads\/2022\/06\/IMG_2560-1024x768.jpg 1024w, https:\/\/djk-fc-sesslach.de\/wp-content\/uploads\/2022\/06\/IMG_2560-768x576.jpg 768w, https:\/\/djk-fc-sesslach.de\/wp-content\/uploads\/2022\/06\/IMG_2560-1536x1152.jpg 1536w, https:\/\/djk-fc-sesslach.de\/wp-content\/uploads\/2022\/06\/IMG_2560-2048x1536.jpg 2048w, https:\/\/djk-fc-sesslach.de\/wp-content\/uploads\/2022\/06\/IMG_2560-1160x870.jpg 1160w\" sizes=\"auto, (max-width: 300px) 100vw, 300px\" \/><img loading=\"lazy\" decoding=\"async\" class=\"alignnone size-medium wp-image-3043 aligncenter\" src=\"https:\/\/djk-fc-sesslach.de\/wp-content\/uploads\/2022\/06\/IMG_5696-300x225.jpg\" alt=\"\" width=\"300\" height=\"225\" srcset=\"https:\/\/djk-fc-sesslach.de\/wp-content\/uploads\/2022\/06\/IMG_5696-300x225.jpg 300w, https:\/\/djk-fc-sesslach.de\/wp-content\/uploads\/2022\/06\/IMG_5696-1024x768.jpg 1024w, https:\/\/djk-fc-sesslach.de\/wp-content\/uploads\/2022\/06\/IMG_5696-768x576.jpg 768w, https:\/\/djk-fc-sesslach.de\/wp-content\/uploads\/2022\/06\/IMG_5696-1536x1152.jpg 1536w, https:\/\/djk-fc-sesslach.de\/wp-content\/uploads\/2022\/06\/IMG_5696-2048x1536.jpg 2048w, https:\/\/djk-fc-sesslach.de\/wp-content\/uploads\/2022\/06\/IMG_5696-1160x870.jpg 1160w\" sizes=\"auto, (max-width: 300px) 100vw, 300px\" \/><img loading=\"lazy\" decoding=\"async\" class=\"alignnone size-medium wp-image-3044 aligncenter\" src=\"https:\/\/djk-fc-sesslach.de\/wp-content\/uploads\/2022\/06\/RCMA6897-300x225.jpg\" alt=\"\" width=\"300\" height=\"225\" srcset=\"https:\/\/djk-fc-sesslach.de\/wp-content\/uploads\/2022\/06\/RCMA6897-300x225.jpg 300w, https:\/\/djk-fc-sesslach.de\/wp-content\/uploads\/2022\/06\/RCMA6897-1024x768.jpg 1024w, https:\/\/djk-fc-sesslach.de\/wp-content\/uploads\/2022\/06\/RCMA6897-768x576.jpg 768w, https:\/\/djk-fc-sesslach.de\/wp-content\/uploads\/2022\/06\/RCMA6897-1536x1152.jpg 1536w, https:\/\/djk-fc-sesslach.de\/wp-content\/uploads\/2022\/06\/RCMA6897-1160x870.jpg 1160w, https:\/\/djk-fc-sesslach.de\/wp-content\/uploads\/2022\/06\/RCMA6897.jpg 1600w\" sizes=\"auto, (max-width: 300px) 100vw, 300px\" \/><\/div>\n","protected":false},"excerpt":{"rendered":"<p>100 Jahre DJK\/FC Sesslach! fgd Vom 25.05.2022 bis 29.05.2022 feierte die DJK\/FC Sesslach das 100j\u00e4hrige Jubil\u00e4um. .f Am Mittwoch begann das Jubil\u00e4um mit den Stadtmeisterschaften im Tischtennis und Steeldart. Ergebnisse: Stadtmeister Tischtennis Jugend Einzel: Martin Miller Stadtmeister Tischtennis Jugend Doppel: Martin Miller und Marc W\u00fcrstlein Stadtmeister Tischtennis Herren Einzel: Alexander Herbrand Stadtmeister Tischtennis Herren Doppel: Stefan M\u00fcller und Alexander Herbrand Stadtmeister Steeldart: Hendirk Appis . Am Donnerstagmorgen fand auf dem Festgel\u00e4nde ein \u00f6kumenischer Gottesdienst und anschlie\u00dfend die Matinee statt. Zum Mittag gab es Ochs am Spie\u00df &#8211; an dieser Stelle herzlichen Dank an die Fleischerei Brehm und ans Gasthaus Reinwand. Um 17:00 Uhr fand das Relegationsspiel zwischen dem TSV Scherneck und dem TSVfB Krecktal statt. Zum Spiel konnten wir ca. 1000 Zuschauer begr\u00fc\u00dfen! . Die AH-Stadtmeisterschaft fand am Freitagabend statt. Die Stadtmeisterschaft verfehlten unsere M\u00e4nner der DJK\/FC Sesslach nur ganz knapp &#8211; sie waren zwar Punktgleich mit dem SV Heilgersdorf, hatten jedoch in der Schlussbilanz eine schlechtere Tordifferenz. Wir danken allen Teilnehmern und hoffen, dass die Stadtmeisterschaft der AH auch in den n\u00e4chsten Jahren fortgef\u00fchrt wird. Ergebnisse: Platz 1: SV Heilgersdorf Platz 2: DJK\/FC Sesslach Platz 3: VFB Autenhausen Platz 4: SpVgg Dietersdorf Bis in die sp\u00e4ten Stunden wurde im Festzelt mit Jung und Alt gemeinsam gefeiert. Es war ein erfolgreicher Abend. Vielen Dank an DJ Eckes der das Zelt mit den Hits der 80er\/90er\/2000er einheizte. . Der Samstagmittag stand ganz im Sinne der Jugend. Neben den Fu\u00dfballspielen der G-, F-, D- und A-Jugend fand ein kleines Kinderprogramm mit Kinderschminken statt. Am Abend sorgten die Partyfranken f\u00fcr Stimmung. Leider wurde es in den sp\u00e4teren Abendstunden sehr kalt, sodass der Samstagabend eher unterdurchschnittlich ausfiel. ..vielleicht aber hatte der ein oder andere am Tag zuvor zu tief ins Glas geschaut . Der Sonntagmorgen begann mit unserem Festgottesdienst in der Stadtpfarrkirche. Anschlie\u00dfend wurden wir durch den Spielmannszug Coburg-Neuses auf das Festgel\u00e4nde begleitet. Wir ehrten.. ..f\u00fcr 25 Jahre Mitgliedschaft: Herbert Zapf, Matthias Besold, Peter Mittag, Johannes Holzmann, Emanuel Treiber, Max Schelhorn, Simon Salb, Florian Fischer, G\u00fcnter Schleicher, Thomas Ois, Claudia Koch, Robert R\u00f6\u00dfner, Felix Gagel, Manuel Kraus, Fabian Bartsch, Stephan Gabert ..f\u00fcr 40 Jahre Mitgliedschaft: Ursula Rost, Alfred Thein, Uwe Wabroschek, Petra Bohl,Hubertus Funk, Wolfgang R\u00f6\u00dfner, Anni Lindner ..f\u00fcr 50 Jahre Mitgliedschaft: Manfred Knote, Anton Br\u00fcckner, Armin Scholz, Hans Pecht, Michael W\u00fcrstlein, Maria Trinkerl, Alfred Pfister, Gerhard Hoffmann, Adolf Schoder, Gerhard R\u00f6\u00dfner, Otto M\u00fcller, Ambros Gagel ..f\u00fcr 60 Jahre Mitgliedschaft: Otto Raab, Hermann M\u00fcller, Georg Jennes, Karl-Heinz Falk, Wolfgang Bub, Josef Gast ..f\u00fcr 65 Jahre Mitgliedschaft: Willi Hollfelder ..f\u00fcr 70 Jahre Mitgliedschaft: Waldemar Raab, Christa Heinl, Ehrenfried Girschke, Herbert M\u00fcller ..f\u00fcr 80 Jahre Mitgliedschaft: Heinz Schleicher Zum Ehrenmitglied wurden Anton Br\u00fcckner, Heinz Schleicher, Bernd Wittmann, Herbert M\u00fcller und Uwe Schmidt ernannt. . Vielen Dank an alle Mitglieder f\u00fcr eure Treue zum Verein! Zum Mittag gab es Mittagessen vom Gasthaus Reinwand &#8211; Vielen Dank f\u00fcr die tolle Organisation! Den Sonntagabend lie\u00df man anschlie\u00dfend gem\u00fctlich mit den Freundschaftsspielen der 1. und 2. Mannschaft ausklingen. Vielen Dank hierbei an den VfB Neuensee II und der DJK Don Bosco Bamberg II. . Wir sagen DANKE an.. ..alle Besucher, Fans, G\u00f6nner und Sponsoren ..alle freiwilligen ehrenamtlichen Helfern ..an die Stadt Se\u00dflach ..an die Gastwirtschaft Reinwand ..an die Fleischerei Brehm ..an die B\u00e4ckerei Schoder ..an die P\u00fcls-Br\u00e4u ..an das Weinhaus am Maximiliansplatz ..an alle musizierenden Gruppen &#8211; Duo Hollywood, die Partyfranken, DJ-Eckes, Spielmannszug Coburg-Neuses ..an die Mannschaften des VfB Neuensee II und der DJK Don Bosco Bamberg II . Insgesamt schauen wir auf 5 erfolgreiche Tage zur\u00fcck! Es hat uns Spa\u00df gemacht gemeinsam mit euch zu feiern! ..auf weitere 100 Jahre DJK\/FC Sesslach<\/p>\n","protected":false},"author":4,"featured_media":0,"comment_status":"closed","ping_status":"closed","sticky":false,"template":"","format":"standard","meta":{"footnotes":""},"categories":[86],"tags":[],"class_list":["post-3039","post","type-post","status-publish","format-standard","hentry","category-news-2022"],"acf":[],"_links":{"self":[{"href":"https:\/\/djk-fc-sesslach.de\/index.php\/wp-json\/wp\/v2\/posts\/3039","targetHints":{"allow":["GET"]}}],"collection":[{"href":"https:\/\/djk-fc-sesslach.de\/index.php\/wp-json\/wp\/v2\/posts"}],"about":[{"href":"https:\/\/djk-fc-sesslach.de\/index.php\/wp-json\/wp\/v2\/types\/post"}],"author":[{"embeddable":true,"href":"https:\/\/djk-fc-sesslach.de\/index.php\/wp-json\/wp\/v2\/users\/4"}],"replies":[{"embeddable":true,"href":"https:\/\/djk-fc-sesslach.de\/index.php\/wp-json\/wp\/v2\/comments?post=3039"}],"version-history":[{"count":6,"href":"https:\/\/djk-fc-sesslach.de\/index.php\/wp-json\/wp\/v2\/posts\/3039\/revisions"}],"predecessor-version":[{"id":3057,"href":"https:\/\/djk-fc-sesslach.de\/index.php\/wp-json\/wp\/v2\/posts\/3039\/revisions\/3057"}],"wp:attachment":[{"href":"https:\/\/djk-fc-sesslach.de\/index.php\/wp-json\/wp\/v2\/media?parent=3039"}],"wp:term":[{"taxonomy":"category","embeddable":true,"href":"https:\/\/djk-fc-sesslach.de\/index.php\/wp-json\/wp\/v2\/categories?post=3039"},{"taxonomy":"post_tag","embeddable":true,"href":"https:\/\/djk-fc-sesslach.de\/index.php\/wp-json\/wp\/v2\/tags?post=3039"}],"curies":[{"name":"wp","href":"https:\/\/api.w.org\/{rel}","templated":true}]}}