{"id":3283,"date":"2022-12-10T18:00:34","date_gmt":"2022-12-10T17:00:34","guid":{"rendered":"https:\/\/djk-fc-sesslach.de\/?p=3283"},"modified":"2023-01-27T10:50:19","modified_gmt":"2023-01-27T09:50:19","slug":"jahresrueckblick-2022","status":"publish","type":"post","link":"https:\/\/djk-fc-sesslach.de\/index.php\/2022\/12\/10\/jahresrueckblick-2022\/","title":{"rendered":"Jahresr\u00fcckblick 2022"},"content":{"rendered":"<p style=\"text-align: center;\">Liebe Mitglieder, Freunde, Sponsoren und G\u00f6nner,<\/p>\n<p style=\"text-align: center;\">wieder neigt sich ein Jahr dem Ende zu und ein neues steht vor der T\u00fcr. Doch noch bevor die ersten Naujahrsvors\u00e4tze geschmiedet werden, m\u00f6chten wir auf das Jahr 2022 zur\u00fcckblicken:<\/p>\n<p style=\"text-align: center;\">Die DJK\/FC Se\u00dflach wurde in diesem Jahr 100 Jahre und das sollte geb\u00fchrend gefeiert werden.<br \/>\nDie vergangenen zwei Jahre waren jedoch gepr\u00e4gt von der Corona-Pandemie und niemand konnte vorhersagen, ob und unter welchen Voraussetzungen wir unser Jubil\u00e4um feiern k\u00f6nnten. Wir stecken jedoch all unsere Aufmerksamkeit in die Planung, hat das zahlte sich aus:<\/p>\n<p style=\"text-align: center;\">Vom 25.05.2022 bis 29.05.2022 wurde \u00fcber 5 Tage hinweg gefeiert. Das Jubil\u00e4um wurde am Mittwoch mit den Stadtmeisterschaften im Tischtennis und im Steeldart er\u00f6ffnet. Am Donnerstag fand am fr\u00fchen Morgen ein \u00f6kumenischer Gottesdienst statt. Anschlie\u00dfend wurde die Matinee auf dem Sportplatz ausgetragen. Zum Mittag gab es Ochs am Spie\u00df. F\u00fcr Stimmung sorgte die Band Hollywood Dou. Am sp\u00e4ten Nachmittag wurde das Relegationsspiel zwischen dem TSV Scherneck und dem TSVfB Krecktal auf unserem Sportgel\u00e4nde ausgetragen. Vor ca.<br \/>\n1000 zahlenden Zuschauern endete das Spiel 1:0 nach Verl\u00e4ngerung. Die AH-Stadtmeisterschaft fand am Freitagabend statt. Auf Grund des schlechteren Torverh\u00e4ltnisses landete man hinter dem SV Heilgersdorf nur auf dem zweiten Platz. Bis in die sp\u00e4ten Abendstunden feierte Jung und Alt gemeinsam im Festzelt mit DJ Eckes und den Hits der 80er\/90er\/2000er. Der Samstag stand ganz im Zeichen der Jugend. Die G-Jugend bestritt ein Freundschaftsspiel, die F-, D- und A-<br \/>\nJugend bestritt ihr letztes Punktspiel in der Saison. Am Samstagabend spielten , Die Partyfranken&#8220; und brachten Stimmung in das nicht ganz gef\u00fcllte Partyzelt. Der Sonntagmorgen begann um 8:45 Uhr mit dem Festgottesdienst in der Stadtpfarrkirche. Im Anschluss wurde man durch den Spielmannszug Coburg-Neuses auf das Festgel\u00e4nde begleitet. Nach dem Ehrungsfr\u00fchschoppen versorgte das Gasthaus Reinwand die Besucher mit leckeren Mittagessen. Das Festwochenende wurde mit Spielen der zweiten Mannschaft gegen den VfB Neuensee 2 und der ersten Mannschaft gegen die DJK Don Bosco Bamberg 2 abgerundet.<\/p>\n<p style=\"text-align: center;\">Vom 15.07.2022 bis zum 17.07.2022 fand auf dem Sportgel\u00e4nde ein Fu\u00dfball-Camp mit der Fu\u00dfballfabrik statt. Die 5 Trainer der Fu\u00dfballfabrik gaben sich viel M\u00fche den 62 angemeldeten Kids aus dem Se\u00dflacher Stattgebiet und n\u00e4herem Umkreis ein tolles Fu\u00dfballprogramm zu bieten.<\/p>\n<p style=\"text-align: center;\">Dieses Jahr fand nach 2 Jahren Zwangspause auch wieder das Altstadtfest statt. Er\u00f6ffnet wurde das Wochenende mit dem Altstadtlauf. Mit 24 angemeldeten L\u00e4ufern holten wir uns den Titel als laufst\u00e4rkstes Team. Am Samstag und Sonntag versorgten wir die Besucher mit k\u00fchlen Getr\u00e4nken &#8211; zur sp\u00e4teren Stunde wurde die Bar ge\u00f6ffnet.<\/p>\n<p style=\"text-align: center;\">Leider mussten wir uns 2022 von unseren alten Bratwurstbude verabschieden. Seit diesem Jahr strahlt an gleicher Stelle eine Mehrzweckbude, in der unter anderem zu den Heimspielen unserer ersten und zweiten Mannschaft die Bratw\u00fcrste gebraten werden.<\/p>\n<p style=\"text-align: center;\">Bei der Jahreshauptversammlung am 16.09.2022 standen Neuwahlen auf dem Programm. Mit Ausnahme des Amtes Vorstand f\u00fcr Bewirtung und Sportgel\u00e4nde wurden alle Ehrenamtlichen wiedergew\u00e4hlt. Den Vorstandsposten \u00fcbernahm Nick Godau. Im Vereinsausschuss gab es nun kleine Ver\u00e4nderungen.<\/p>\n<p style=\"text-align: center;\">Am 24.09.2022 fand das 2. VR-Bank Lichtenfels-Ebern FUNino Festival der DJK\/FC Se\u00dflach statt.<br \/>\nGespielt wurde nach den BFV-Richtlinien Minifu\u00dfball im 3 gegen 3 auf jeweils 4 Minitore. An dem Wochenende standen \u00fcber 230 Kids auf dem Fu\u00dfballplatz.<\/p>\n<p style=\"text-align: center;\">Bei nicht ganz so tollem Wetter feierten wir am Tag der Deutschen Einheit in Bamberg 100+2 Jahre DJK. Auf Grund der Corona-Pandemie wurde das 100j\u00e4hrige Jubil\u00e4um 2020 nur im kleinen Kreis gefeiert und 2022 mit der gro\u00dfen Walfahrt in Bamberg nachgeholt.<\/p>\n<p style=\"text-align: center;\">Die im vergangenen Jahr neugegr\u00fcndete Abteilung Dart veranstaltete am 19.11.2022 ab 15 Uhr das 1. Se\u00dflacher Steeldart Open 2022. Die Veranstaltung war ein voller Erfolg &#8211; der Saal<br \/>\nverwandelte sich zum Ally Pally!<\/p>\n<p style=\"text-align: center;\">Nach zwei eher tristen Coronajahren war der Terminkalender f\u00fcr das Jahr 2022 gut gef\u00fcllt. Es war f\u00fcr alle Beteiligten eine gro\u00dfe Umstellung, doch die Veranstaltungen waren durchweg ein voller Erfolg.<\/p>\n<p style=\"text-align: center;\">Wir m\u00f6chten uns auch in diesem Jahr bei allen Ehrenamtlichen, G\u00f6nnern und Sponsoren f\u00fcr die Unterst\u00fctzung bedanken und w\u00fcnschen Euch und eurer Familie sch\u00f6ne Weihnachten, besinnliche Tage und einen guten Rutsch ins Jahr 2023.<\/p>\n<p style=\"text-align: center;\">Die Vorstandschaft<\/p>\n<p><img loading=\"lazy\" decoding=\"async\" class=\"size-medium wp-image-3284 aligncenter\" src=\"https:\/\/djk-fc-sesslach.de\/wp-content\/uploads\/2022\/11\/95D1BE6F-67F1-4082-BAA5-304C009E310A-300x300.png\" alt=\"\" width=\"300\" height=\"300\" srcset=\"https:\/\/djk-fc-sesslach.de\/wp-content\/uploads\/2022\/11\/95D1BE6F-67F1-4082-BAA5-304C009E310A-300x300.png 300w, https:\/\/djk-fc-sesslach.de\/wp-content\/uploads\/2022\/11\/95D1BE6F-67F1-4082-BAA5-304C009E310A-1024x1024.png 1024w, https:\/\/djk-fc-sesslach.de\/wp-content\/uploads\/2022\/11\/95D1BE6F-67F1-4082-BAA5-304C009E310A-150x150.png 150w, https:\/\/djk-fc-sesslach.de\/wp-content\/uploads\/2022\/11\/95D1BE6F-67F1-4082-BAA5-304C009E310A-768x768.png 768w, https:\/\/djk-fc-sesslach.de\/wp-content\/uploads\/2022\/11\/95D1BE6F-67F1-4082-BAA5-304C009E310A-75x75.png 75w, https:\/\/djk-fc-sesslach.de\/wp-content\/uploads\/2022\/11\/95D1BE6F-67F1-4082-BAA5-304C009E310A.png 1080w\" sizes=\"auto, (max-width: 300px) 100vw, 300px\" \/><\/p>\n<p>&nbsp;<\/p>\n","protected":false},"excerpt":{"rendered":"<p>Liebe Mitglieder, Freunde, Sponsoren und G\u00f6nner, wieder neigt sich ein Jahr dem Ende zu und ein neues steht vor der T\u00fcr. Doch noch bevor die ersten Naujahrsvors\u00e4tze geschmiedet werden, m\u00f6chten wir auf das Jahr 2022 zur\u00fcckblicken: Die DJK\/FC Se\u00dflach wurde in diesem Jahr 100 Jahre und das sollte geb\u00fchrend gefeiert werden. Die vergangenen zwei Jahre waren jedoch gepr\u00e4gt von der Corona-Pandemie und niemand konnte vorhersagen, ob und unter welchen Voraussetzungen wir unser Jubil\u00e4um feiern k\u00f6nnten. Wir stecken jedoch all unsere Aufmerksamkeit in die Planung, hat das zahlte sich aus: Vom 25.05.2022 bis 29.05.2022 wurde \u00fcber 5 Tage hinweg gefeiert. Das Jubil\u00e4um wurde am Mittwoch mit den Stadtmeisterschaften im Tischtennis und im Steeldart er\u00f6ffnet. Am Donnerstag fand am fr\u00fchen Morgen ein \u00f6kumenischer Gottesdienst statt. Anschlie\u00dfend wurde die Matinee auf dem Sportplatz ausgetragen. Zum Mittag gab es Ochs am Spie\u00df. F\u00fcr Stimmung sorgte die Band Hollywood Dou. Am sp\u00e4ten Nachmittag wurde das Relegationsspiel zwischen dem TSV Scherneck und dem TSVfB Krecktal auf unserem Sportgel\u00e4nde ausgetragen. Vor ca. 1000 zahlenden Zuschauern endete das Spiel 1:0 nach Verl\u00e4ngerung. Die AH-Stadtmeisterschaft fand am Freitagabend statt. Auf Grund des schlechteren Torverh\u00e4ltnisses landete man hinter dem SV Heilgersdorf nur auf dem zweiten Platz. Bis in die sp\u00e4ten Abendstunden feierte Jung und Alt gemeinsam im Festzelt mit DJ Eckes und den Hits der 80er\/90er\/2000er. Der Samstag stand ganz im Zeichen der Jugend. Die G-Jugend bestritt ein Freundschaftsspiel, die F-, D- und A- Jugend bestritt ihr letztes Punktspiel in der Saison. Am Samstagabend spielten , Die Partyfranken&#8220; und brachten Stimmung in das nicht ganz gef\u00fcllte Partyzelt. Der Sonntagmorgen begann um 8:45 Uhr mit dem Festgottesdienst in der Stadtpfarrkirche. Im Anschluss wurde man durch den Spielmannszug Coburg-Neuses auf das Festgel\u00e4nde begleitet. Nach dem Ehrungsfr\u00fchschoppen versorgte das Gasthaus Reinwand die Besucher mit leckeren Mittagessen. Das Festwochenende wurde mit Spielen der zweiten Mannschaft gegen den VfB Neuensee 2 und der ersten Mannschaft gegen die DJK Don Bosco Bamberg 2 abgerundet. Vom 15.07.2022 bis zum 17.07.2022 fand auf dem Sportgel\u00e4nde ein Fu\u00dfball-Camp mit der Fu\u00dfballfabrik statt. Die 5 Trainer der Fu\u00dfballfabrik gaben sich viel M\u00fche den 62 angemeldeten Kids aus dem Se\u00dflacher Stattgebiet und n\u00e4herem Umkreis ein tolles Fu\u00dfballprogramm zu bieten. Dieses Jahr fand nach 2 Jahren Zwangspause auch wieder das Altstadtfest statt. Er\u00f6ffnet wurde das Wochenende mit dem Altstadtlauf. Mit 24 angemeldeten L\u00e4ufern holten wir uns den Titel als laufst\u00e4rkstes Team. Am Samstag und Sonntag versorgten wir die Besucher mit k\u00fchlen Getr\u00e4nken &#8211; zur sp\u00e4teren Stunde wurde die Bar ge\u00f6ffnet. Leider mussten wir uns 2022 von unseren alten Bratwurstbude verabschieden. Seit diesem Jahr strahlt an gleicher Stelle eine Mehrzweckbude, in der unter anderem zu den Heimspielen unserer ersten und zweiten Mannschaft die Bratw\u00fcrste gebraten werden. Bei der Jahreshauptversammlung am 16.09.2022 standen Neuwahlen auf dem Programm. Mit Ausnahme des Amtes Vorstand f\u00fcr Bewirtung und Sportgel\u00e4nde wurden alle Ehrenamtlichen wiedergew\u00e4hlt. Den Vorstandsposten \u00fcbernahm Nick Godau. Im Vereinsausschuss gab es nun kleine Ver\u00e4nderungen. Am 24.09.2022 fand das 2. VR-Bank Lichtenfels-Ebern FUNino Festival der DJK\/FC Se\u00dflach statt. Gespielt wurde nach den BFV-Richtlinien Minifu\u00dfball im 3 gegen 3 auf jeweils 4 Minitore. An dem Wochenende standen \u00fcber 230 Kids auf dem Fu\u00dfballplatz. Bei nicht ganz so tollem Wetter feierten wir am Tag der Deutschen Einheit in Bamberg 100+2 Jahre DJK. Auf Grund der Corona-Pandemie wurde das 100j\u00e4hrige Jubil\u00e4um 2020 nur im kleinen Kreis gefeiert und 2022 mit der gro\u00dfen Walfahrt in Bamberg nachgeholt. Die im vergangenen Jahr neugegr\u00fcndete Abteilung Dart veranstaltete am 19.11.2022 ab 15 Uhr das 1. Se\u00dflacher Steeldart Open 2022. Die Veranstaltung war ein voller Erfolg &#8211; der Saal verwandelte sich zum Ally Pally! Nach zwei eher tristen Coronajahren war der Terminkalender f\u00fcr das Jahr 2022 gut gef\u00fcllt. Es war f\u00fcr alle Beteiligten eine gro\u00dfe Umstellung, doch die Veranstaltungen waren durchweg ein voller Erfolg. Wir m\u00f6chten uns auch in diesem Jahr bei allen Ehrenamtlichen, G\u00f6nnern und Sponsoren f\u00fcr die Unterst\u00fctzung bedanken und w\u00fcnschen Euch und eurer Familie sch\u00f6ne Weihnachten, besinnliche Tage und einen guten Rutsch ins Jahr 2023. Die Vorstandschaft &nbsp;<\/p>\n","protected":false},"author":4,"featured_media":0,"comment_status":"closed","ping_status":"closed","sticky":false,"template":"","format":"standard","meta":{"footnotes":""},"categories":[1],"tags":[],"class_list":["post-3283","post","type-post","status-publish","format-standard","hentry","category-uncategorized"],"acf":[],"_links":{"self":[{"href":"https:\/\/djk-fc-sesslach.de\/index.php\/wp-json\/wp\/v2\/posts\/3283","targetHints":{"allow":["GET"]}}],"collection":[{"href":"https:\/\/djk-fc-sesslach.de\/index.php\/wp-json\/wp\/v2\/posts"}],"about":[{"href":"https:\/\/djk-fc-sesslach.de\/index.php\/wp-json\/wp\/v2\/types\/post"}],"author":[{"embeddable":true,"href":"https:\/\/djk-fc-sesslach.de\/index.php\/wp-json\/wp\/v2\/users\/4"}],"replies":[{"embeddable":true,"href":"https:\/\/djk-fc-sesslach.de\/index.php\/wp-json\/wp\/v2\/comments?post=3283"}],"version-history":[{"count":1,"href":"https:\/\/djk-fc-sesslach.de\/index.php\/wp-json\/wp\/v2\/posts\/3283\/revisions"}],"predecessor-version":[{"id":3286,"href":"https:\/\/djk-fc-sesslach.de\/index.php\/wp-json\/wp\/v2\/posts\/3283\/revisions\/3286"}],"wp:attachment":[{"href":"https:\/\/djk-fc-sesslach.de\/index.php\/wp-json\/wp\/v2\/media?parent=3283"}],"wp:term":[{"taxonomy":"category","embeddable":true,"href":"https:\/\/djk-fc-sesslach.de\/index.php\/wp-json\/wp\/v2\/categories?post=3283"},{"taxonomy":"post_tag","embeddable":true,"href":"https:\/\/djk-fc-sesslach.de\/index.php\/wp-json\/wp\/v2\/tags?post=3283"}],"curies":[{"name":"wp","href":"https:\/\/api.w.org\/{rel}","templated":true}]}}