{"id":3486,"date":"2023-06-26T10:20:22","date_gmt":"2023-06-26T09:20:22","guid":{"rendered":"https:\/\/djk-fc-sesslach.de\/?p=3486"},"modified":"2023-07-14T00:02:16","modified_gmt":"2023-07-13T23:02:16","slug":"maedchen-mobil","status":"publish","type":"post","link":"https:\/\/djk-fc-sesslach.de\/index.php\/2023\/06\/26\/maedchen-mobil\/","title":{"rendered":"M\u00e4dchen-Mobil"},"content":{"rendered":"<p>Das neue M\u00e4dchen-Mobil des\u00a0<a class=\"x1i10hfl xjbqb8w x6umtig x1b1mbwd xaqea5y xav7gou x9f619 x1ypdohk xt0psk2 xe8uvvx xdj266r x11i5rnm xat24cr x1mh8g0r xexx8yu x4uap5 x18d9i69 xkhd6sd x16tdsg8 x1hl2dhg xggy1nq x1a2a7pz xt0b8zv xzsf02u x1s688f\" tabindex=\"0\" role=\"link\" href=\"https:\/\/www.facebook.com\/bfvonline?__cft__[0]=AZVHmoH7OqmOvwAf1NFO1QXSWTZCOuV9syrj2DhovDk1pQ1svrPACafH33tHfcDEk8bM_lBEhI18oOJk97j_AbWrKg1K3cZt8NhzDdvy3faldsgaOQPoR2weUyT6CvNGUNWobxLJ06xvekUcMBZU0xvMfcdhJ_6mOp-WW1xgX6Yvj9LmywZus4s9Hz6R5lNzrBk&amp;__tn__=-]K*F\"><span class=\"xt0psk2\">Bayerischer Fu\u00dfball-Verband e.V.<\/span><\/a>\u00a0kommt zu uns nach Se\u00dflach!<\/p>\n<p>Schnuppertraining f\u00fcr kleine und gro\u00dfe M\u00e4dels aller Altersklassen mit den BFV-Trainern<\/p>\n<p>Ausrichter: DJK\/FC Se\u00dflach<br \/>\nWann: Mittwoch, 05.07.2023 um 17:30 Uhr<br \/>\nWo: Bahnhofstr. 152, 96145 Se\u00dflach<br \/>\nAnmeldung: Daniel M\u00fcller, 0173-9555500 gerne per WhatsApp<\/p>\n<p>F\u00fcr Verpflegung ist auch gesorgt!<\/p>\n<p><a class=\"x1i10hfl xjbqb8w x6umtig x1b1mbwd xaqea5y xav7gou x9f619 x1ypdohk xt0psk2 xe8uvvx xdj266r x11i5rnm xat24cr x1mh8g0r xexx8yu x4uap5 x18d9i69 xkhd6sd x16tdsg8 x1hl2dhg xggy1nq x1a2a7pz xt0b8zv xzsf02u x1s688f\" tabindex=\"0\" role=\"link\" href=\"https:\/\/www.facebook.com\/hashtag\/lasstsiespielen?__eep__=6&amp;__cft__[0]=AZVHmoH7OqmOvwAf1NFO1QXSWTZCOuV9syrj2DhovDk1pQ1svrPACafH33tHfcDEk8bM_lBEhI18oOJk97j_AbWrKg1K3cZt8NhzDdvy3faldsgaOQPoR2weUyT6CvNGUNWobxLJ06xvekUcMBZU0xvMfcdhJ_6mOp-WW1xgX6Yvj9LmywZus4s9Hz6R5lNzrBk&amp;__tn__=*NK*F\">#LasstSieSpielen<\/a><\/p>\n<p><img loading=\"lazy\" decoding=\"async\" class=\"aligncenter wp-image-3488 size-full\" src=\"https:\/\/djk-fc-sesslach.de\/wp-content\/uploads\/2023\/06\/347244638_714124827385496_3753249192953130161_n.jpg\" alt=\"\" width=\"969\" height=\"658\" srcset=\"https:\/\/djk-fc-sesslach.de\/wp-content\/uploads\/2023\/06\/347244638_714124827385496_3753249192953130161_n.jpg 969w, https:\/\/djk-fc-sesslach.de\/wp-content\/uploads\/2023\/06\/347244638_714124827385496_3753249192953130161_n-300x204.jpg 300w, https:\/\/djk-fc-sesslach.de\/wp-content\/uploads\/2023\/06\/347244638_714124827385496_3753249192953130161_n-768x522.jpg 768w\" sizes=\"auto, (max-width: 969px) 100vw, 969px\" \/><\/p>\n","protected":false},"excerpt":{"rendered":"<p>Das neue M\u00e4dchen-Mobil des\u00a0Bayerischer Fu\u00dfball-Verband e.V.\u00a0kommt zu uns nach Se\u00dflach! Schnuppertraining f\u00fcr kleine und gro\u00dfe M\u00e4dels aller Altersklassen mit den BFV-Trainern Ausrichter: DJK\/FC Se\u00dflach Wann: Mittwoch, 05.07.2023 um 17:30 Uhr Wo: Bahnhofstr. 152, 96145 Se\u00dflach Anmeldung: Daniel M\u00fcller, 0173-9555500 gerne per WhatsApp F\u00fcr Verpflegung ist auch gesorgt! #LasstSieSpielen<\/p>\n","protected":false},"author":2,"featured_media":0,"comment_status":"closed","ping_status":"closed","sticky":false,"template":"","format":"standard","meta":{"footnotes":""},"categories":[90],"tags":[],"class_list":["post-3486","post","type-post","status-publish","format-standard","hentry","category-news-2023"],"acf":[],"_links":{"self":[{"href":"https:\/\/djk-fc-sesslach.de\/index.php\/wp-json\/wp\/v2\/posts\/3486","targetHints":{"allow":["GET"]}}],"collection":[{"href":"https:\/\/djk-fc-sesslach.de\/index.php\/wp-json\/wp\/v2\/posts"}],"about":[{"href":"https:\/\/djk-fc-sesslach.de\/index.php\/wp-json\/wp\/v2\/types\/post"}],"author":[{"embeddable":true,"href":"https:\/\/djk-fc-sesslach.de\/index.php\/wp-json\/wp\/v2\/users\/2"}],"replies":[{"embeddable":true,"href":"https:\/\/djk-fc-sesslach.de\/index.php\/wp-json\/wp\/v2\/comments?post=3486"}],"version-history":[{"count":2,"href":"https:\/\/djk-fc-sesslach.de\/index.php\/wp-json\/wp\/v2\/posts\/3486\/revisions"}],"predecessor-version":[{"id":3489,"href":"https:\/\/djk-fc-sesslach.de\/index.php\/wp-json\/wp\/v2\/posts\/3486\/revisions\/3489"}],"wp:attachment":[{"href":"https:\/\/djk-fc-sesslach.de\/index.php\/wp-json\/wp\/v2\/media?parent=3486"}],"wp:term":[{"taxonomy":"category","embeddable":true,"href":"https:\/\/djk-fc-sesslach.de\/index.php\/wp-json\/wp\/v2\/categories?post=3486"},{"taxonomy":"post_tag","embeddable":true,"href":"https:\/\/djk-fc-sesslach.de\/index.php\/wp-json\/wp\/v2\/tags?post=3486"}],"curies":[{"name":"wp","href":"https:\/\/api.w.org\/{rel}","templated":true}]}}