{"id":3491,"date":"2023-01-02T08:48:38","date_gmt":"2023-01-02T07:48:38","guid":{"rendered":"https:\/\/djk-fc-sesslach.de\/?p=3491"},"modified":"2023-09-22T08:46:40","modified_gmt":"2023-09-22T07:46:40","slug":"foerderantrag-flutlicht","status":"publish","type":"post","link":"https:\/\/djk-fc-sesslach.de\/index.php\/2023\/01\/02\/foerderantrag-flutlicht\/","title":{"rendered":"Unsere neue Lumosa LED-Flutlichtanlage"},"content":{"rendered":"<p><strong>Vorhaben<\/strong>:<\/p>\n<div class=\"entry-content clearfix\">\n<p>\u201eKSI: Sanierung der Flutlichtbeleuchtung auf der Sportanlage der DJK\/FC Se\u00dflach.\u201c<\/p>\n<p><strong>F\u00f6rderkennzeichen<\/strong>:<br \/>\n67K19892<\/p>\n<p><strong>Bewilligungszeitraum<\/strong>:<br \/>\n01.01.2023 bis 31.12.2023<\/p>\n<p><strong>Ziel und Inhalt des Vorhabens<\/strong>:<br \/>\nDurch die Umstellung der Flutlichtbeleuchtung von Halogen-Metalldampflampen auf LED-Scheinwerfer k\u00f6nnen Treibhausgasemissionen nachhaltig gesenkt und die Energie(Strom-)kosten deutlich reduziert werden. Zudem haben die LED-Scheinwerfer eine l\u00e4ngere Lebensdauer, sind \u2013 je nach Bedarf \u2013 stufenlos dimmbar, leuchten den Platz besser aus und das LED-Licht ist wegen fehlender UV-Strahlung insektenfreundlich. Eine Mastenpr\u00fcfung hat ergeben, dass die Standsicherheit der Stahlmasten auch weiterhin gew\u00e4hrleistet ist.<\/p>\n<p><strong>Vorhabensbeteiligte<\/strong>:<br \/>\nAus Mitteln der Nationalen Klimaschutzinitiative wurde eine Zuwendung in H\u00f6he von 12.320 \u20ac bewilligt, deren Abwicklung die Zukunft-Umwelt-Gesellschaft (ZUG) gGmbH \u00fcbernimmt. Aus Mitteln des Freistaates Bayern wird eine F\u00f6rderung f\u00fcr den Sportst\u00e4ttenbau von Vereinen in H\u00f6he von 12.319 \u20ac erwartet. Der Bayer. Landessportverband e.V. hat die Genehmigung zum vorzeitigen Baubeginn mit Bescheid vom 29.07.2022 erteilt. Die Mastenpr\u00fcfung hat die DEKRA Automobil GmbH in W\u00fcrzburg vorgenommen. Die Umr\u00fcstung der Flutlichtanlage erfolgt voraussichtlich im Juli 2023 durch die Vogel Elektrotechnik GmbH &amp; Co. KG in Sulzemoos, die das wirtschaftlichste Angebot abgegeben hat.<\/p>\n<p><a href=\"http:\/\/www.klimaschutz.de\/kommunalrichtlinie\">www.klimaschutz.de\/kommunalrichtlinie<\/a><\/p>\n<p>&nbsp;<\/p>\n<\/div>\n<p><span style=\"text-decoration: underline;\"><strong>Nationale Klimaschutzinitiative<\/strong><\/span><\/p>\n<p>Mit der Nationalen Klimaschutzinitiative initiiert und f\u00f6rdert die Bundesregierung seit 2008 zahlreiche Projekte, die einen Beitrag zur Senkung der Treibhausgasemissionen leisten. Ihre Programme und Projekte decken ein breites Spektrum an Klimaschutzaktivit\u00e4ten ab: Von der Entwicklung langfristiger Strategien bis hin zu konkreten Hilfestellungen und investiven F\u00f6rderma\u00dfnahmen. Diese Vielfalt ist Garant f\u00fcr gute Ideen. Die Nationale Klimaschutzinitiative tr\u00e4gt zu einer Verankerung des Klimaschutzes vor Ort bei. Von ihr profitieren Verbraucherinnen und Verbraucher ebenso wie Unternehmen, Kommunen oder Bildungseinrichtungen.<\/p>\n<div class=\"entry-content clearfix\">\n<p><img loading=\"lazy\" decoding=\"async\" class=\"aligncenter wp-image-3501 size-large\" src=\"https:\/\/djk-fc-sesslach.de\/wp-content\/uploads\/2023\/01\/BMUB_NKI_Gefoerdert_RGB_DE_2020_quer-1024x461.png\" alt=\"\" width=\"960\" height=\"432\" srcset=\"https:\/\/djk-fc-sesslach.de\/wp-content\/uploads\/2023\/01\/BMUB_NKI_Gefoerdert_RGB_DE_2020_quer-1024x461.png 1024w, https:\/\/djk-fc-sesslach.de\/wp-content\/uploads\/2023\/01\/BMUB_NKI_Gefoerdert_RGB_DE_2020_quer-300x135.png 300w, https:\/\/djk-fc-sesslach.de\/wp-content\/uploads\/2023\/01\/BMUB_NKI_Gefoerdert_RGB_DE_2020_quer-768x346.png 768w, https:\/\/djk-fc-sesslach.de\/wp-content\/uploads\/2023\/01\/BMUB_NKI_Gefoerdert_RGB_DE_2020_quer-1536x691.png 1536w, https:\/\/djk-fc-sesslach.de\/wp-content\/uploads\/2023\/01\/BMUB_NKI_Gefoerdert_RGB_DE_2020_quer-1160x522.png 1160w, https:\/\/djk-fc-sesslach.de\/wp-content\/uploads\/2023\/01\/BMUB_NKI_Gefoerdert_RGB_DE_2020_quer.png 1629w\" sizes=\"auto, (max-width: 960px) 100vw, 960px\" \/><\/p>\n<p><img loading=\"lazy\" decoding=\"async\" class=\"aligncenter wp-image-3502 size-large\" src=\"https:\/\/djk-fc-sesslach.de\/wp-content\/uploads\/2023\/01\/NKI_Formular-A4-hoch_DJK-Sesslach-724x1024.jpg\" alt=\"\" width=\"724\" height=\"1024\" srcset=\"https:\/\/djk-fc-sesslach.de\/wp-content\/uploads\/2023\/01\/NKI_Formular-A4-hoch_DJK-Sesslach-724x1024.jpg 724w, https:\/\/djk-fc-sesslach.de\/wp-content\/uploads\/2023\/01\/NKI_Formular-A4-hoch_DJK-Sesslach-212x300.jpg 212w, https:\/\/djk-fc-sesslach.de\/wp-content\/uploads\/2023\/01\/NKI_Formular-A4-hoch_DJK-Sesslach-768x1086.jpg 768w, https:\/\/djk-fc-sesslach.de\/wp-content\/uploads\/2023\/01\/NKI_Formular-A4-hoch_DJK-Sesslach-1086x1536.jpg 1086w, https:\/\/djk-fc-sesslach.de\/wp-content\/uploads\/2023\/01\/NKI_Formular-A4-hoch_DJK-Sesslach-1448x2048.jpg 1448w, https:\/\/djk-fc-sesslach.de\/wp-content\/uploads\/2023\/01\/NKI_Formular-A4-hoch_DJK-Sesslach-1160x1640.jpg 1160w, https:\/\/djk-fc-sesslach.de\/wp-content\/uploads\/2023\/01\/NKI_Formular-A4-hoch_DJK-Sesslach-scaled.jpg 1811w\" sizes=\"auto, (max-width: 724px) 100vw, 724px\" \/><\/p>\n<\/div>\n<p><img loading=\"lazy\" decoding=\"async\" class=\"size-medium wp-image-3520 alignleft\" src=\"https:\/\/djk-fc-sesslach.de\/wp-content\/uploads\/2023\/01\/20230724_083059-300x135.jpg\" alt=\"\" width=\"300\" height=\"135\" srcset=\"https:\/\/djk-fc-sesslach.de\/wp-content\/uploads\/2023\/01\/20230724_083059-300x135.jpg 300w, https:\/\/djk-fc-sesslach.de\/wp-content\/uploads\/2023\/01\/20230724_083059-1024x461.jpg 1024w, https:\/\/djk-fc-sesslach.de\/wp-content\/uploads\/2023\/01\/20230724_083059-768x346.jpg 768w, https:\/\/djk-fc-sesslach.de\/wp-content\/uploads\/2023\/01\/20230724_083059-1536x691.jpg 1536w, https:\/\/djk-fc-sesslach.de\/wp-content\/uploads\/2023\/01\/20230724_083059-2048x922.jpg 2048w, https:\/\/djk-fc-sesslach.de\/wp-content\/uploads\/2023\/01\/20230724_083059-1160x522.jpg 1160w\" sizes=\"auto, (max-width: 300px) 100vw, 300px\" \/> <img loading=\"lazy\" decoding=\"async\" class=\"size-medium wp-image-3521 alignright\" src=\"https:\/\/djk-fc-sesslach.de\/wp-content\/uploads\/2023\/01\/20230724_083522-135x300.jpg\" alt=\"\" width=\"135\" height=\"300\" srcset=\"https:\/\/djk-fc-sesslach.de\/wp-content\/uploads\/2023\/01\/20230724_083522-135x300.jpg 135w, https:\/\/djk-fc-sesslach.de\/wp-content\/uploads\/2023\/01\/20230724_083522-461x1024.jpg 461w, https:\/\/djk-fc-sesslach.de\/wp-content\/uploads\/2023\/01\/20230724_083522-768x1707.jpg 768w, https:\/\/djk-fc-sesslach.de\/wp-content\/uploads\/2023\/01\/20230724_083522-691x1536.jpg 691w, https:\/\/djk-fc-sesslach.de\/wp-content\/uploads\/2023\/01\/20230724_083522-922x2048.jpg 922w, https:\/\/djk-fc-sesslach.de\/wp-content\/uploads\/2023\/01\/20230724_083522-1160x2578.jpg 1160w, https:\/\/djk-fc-sesslach.de\/wp-content\/uploads\/2023\/01\/20230724_083522-scaled.jpg 1152w\" sizes=\"auto, (max-width: 135px) 100vw, 135px\" \/> <img loading=\"lazy\" decoding=\"async\" class=\"size-medium wp-image-3522 alignleft\" src=\"https:\/\/djk-fc-sesslach.de\/wp-content\/uploads\/2023\/01\/20230724_103042-135x300.jpg\" alt=\"\" width=\"135\" height=\"300\" srcset=\"https:\/\/djk-fc-sesslach.de\/wp-content\/uploads\/2023\/01\/20230724_103042-135x300.jpg 135w, https:\/\/djk-fc-sesslach.de\/wp-content\/uploads\/2023\/01\/20230724_103042-461x1024.jpg 461w, https:\/\/djk-fc-sesslach.de\/wp-content\/uploads\/2023\/01\/20230724_103042-768x1707.jpg 768w, https:\/\/djk-fc-sesslach.de\/wp-content\/uploads\/2023\/01\/20230724_103042-691x1536.jpg 691w, https:\/\/djk-fc-sesslach.de\/wp-content\/uploads\/2023\/01\/20230724_103042-922x2048.jpg 922w, https:\/\/djk-fc-sesslach.de\/wp-content\/uploads\/2023\/01\/20230724_103042-1160x2578.jpg 1160w, https:\/\/djk-fc-sesslach.de\/wp-content\/uploads\/2023\/01\/20230724_103042-scaled.jpg 1152w\" sizes=\"auto, (max-width: 135px) 100vw, 135px\" \/> <img loading=\"lazy\" decoding=\"async\" class=\"size-medium wp-image-3523 alignleft\" src=\"https:\/\/djk-fc-sesslach.de\/wp-content\/uploads\/2023\/01\/20230724_103115-300x135.jpg\" alt=\"\" width=\"300\" height=\"135\" srcset=\"https:\/\/djk-fc-sesslach.de\/wp-content\/uploads\/2023\/01\/20230724_103115-300x135.jpg 300w, https:\/\/djk-fc-sesslach.de\/wp-content\/uploads\/2023\/01\/20230724_103115-1024x461.jpg 1024w, https:\/\/djk-fc-sesslach.de\/wp-content\/uploads\/2023\/01\/20230724_103115-768x346.jpg 768w, https:\/\/djk-fc-sesslach.de\/wp-content\/uploads\/2023\/01\/20230724_103115-1536x691.jpg 1536w, https:\/\/djk-fc-sesslach.de\/wp-content\/uploads\/2023\/01\/20230724_103115-2048x922.jpg 2048w, https:\/\/djk-fc-sesslach.de\/wp-content\/uploads\/2023\/01\/20230724_103115-1160x522.jpg 1160w\" sizes=\"auto, (max-width: 300px) 100vw, 300px\" \/> <img loading=\"lazy\" decoding=\"async\" class=\"size-medium wp-image-3524 aligncenter\" src=\"https:\/\/djk-fc-sesslach.de\/wp-content\/uploads\/2023\/01\/20230724_121731-300x135.jpg\" alt=\"\" width=\"300\" height=\"135\" srcset=\"https:\/\/djk-fc-sesslach.de\/wp-content\/uploads\/2023\/01\/20230724_121731-300x135.jpg 300w, https:\/\/djk-fc-sesslach.de\/wp-content\/uploads\/2023\/01\/20230724_121731-1024x461.jpg 1024w, https:\/\/djk-fc-sesslach.de\/wp-content\/uploads\/2023\/01\/20230724_121731-768x346.jpg 768w, https:\/\/djk-fc-sesslach.de\/wp-content\/uploads\/2023\/01\/20230724_121731-1536x691.jpg 1536w, https:\/\/djk-fc-sesslach.de\/wp-content\/uploads\/2023\/01\/20230724_121731-2048x922.jpg 2048w, https:\/\/djk-fc-sesslach.de\/wp-content\/uploads\/2023\/01\/20230724_121731-1160x522.jpg 1160w\" sizes=\"auto, (max-width: 300px) 100vw, 300px\" \/><\/p>\n<p>&nbsp;<\/p>\n<div style=\"width: 960px;\" class=\"wp-video\"><!--[if lt IE 9]><script>document.createElement('video');<\/script><![endif]-->\n<video class=\"wp-video-shortcode\" id=\"video-3491-1\" width=\"960\" height=\"540\" preload=\"metadata\" controls=\"controls\"><source type=\"video\/mp4\" src=\"https:\/\/djk-fc-sesslach.de\/wp-content\/uploads\/2023\/01\/20230724_220319.mp4?_=1\" \/><a href=\"https:\/\/djk-fc-sesslach.de\/wp-content\/uploads\/2023\/01\/20230724_220319.mp4\">https:\/\/djk-fc-sesslach.de\/wp-content\/uploads\/2023\/01\/20230724_220319.mp4<\/a><\/video><\/div>\n<p><img loading=\"lazy\" decoding=\"async\" class=\"size-medium wp-image-3527 alignleft\" src=\"https:\/\/djk-fc-sesslach.de\/wp-content\/uploads\/2023\/01\/20230724_220232-300x135.jpg\" alt=\"\" width=\"300\" height=\"135\" srcset=\"https:\/\/djk-fc-sesslach.de\/wp-content\/uploads\/2023\/01\/20230724_220232-300x135.jpg 300w, https:\/\/djk-fc-sesslach.de\/wp-content\/uploads\/2023\/01\/20230724_220232-1024x461.jpg 1024w, https:\/\/djk-fc-sesslach.de\/wp-content\/uploads\/2023\/01\/20230724_220232-768x346.jpg 768w, https:\/\/djk-fc-sesslach.de\/wp-content\/uploads\/2023\/01\/20230724_220232-1536x691.jpg 1536w, https:\/\/djk-fc-sesslach.de\/wp-content\/uploads\/2023\/01\/20230724_220232-2048x922.jpg 2048w, https:\/\/djk-fc-sesslach.de\/wp-content\/uploads\/2023\/01\/20230724_220232-1160x522.jpg 1160w\" sizes=\"auto, (max-width: 300px) 100vw, 300px\" \/> <img loading=\"lazy\" decoding=\"async\" class=\"size-medium wp-image-3526 alignright\" src=\"https:\/\/djk-fc-sesslach.de\/wp-content\/uploads\/2023\/01\/20230724_220141-300x135.jpg\" alt=\"\" width=\"300\" height=\"135\" srcset=\"https:\/\/djk-fc-sesslach.de\/wp-content\/uploads\/2023\/01\/20230724_220141-300x135.jpg 300w, https:\/\/djk-fc-sesslach.de\/wp-content\/uploads\/2023\/01\/20230724_220141-1024x461.jpg 1024w, https:\/\/djk-fc-sesslach.de\/wp-content\/uploads\/2023\/01\/20230724_220141-768x346.jpg 768w, https:\/\/djk-fc-sesslach.de\/wp-content\/uploads\/2023\/01\/20230724_220141-1536x691.jpg 1536w, https:\/\/djk-fc-sesslach.de\/wp-content\/uploads\/2023\/01\/20230724_220141-2048x922.jpg 2048w, https:\/\/djk-fc-sesslach.de\/wp-content\/uploads\/2023\/01\/20230724_220141-1160x522.jpg 1160w\" sizes=\"auto, (max-width: 300px) 100vw, 300px\" \/><\/p>\n<p><img loading=\"lazy\" decoding=\"async\" class=\"size-medium wp-image-3528 alignleft\" src=\"https:\/\/djk-fc-sesslach.de\/wp-content\/uploads\/2023\/01\/20230724_220307-300x135.jpg\" alt=\"\" width=\"300\" height=\"135\" srcset=\"https:\/\/djk-fc-sesslach.de\/wp-content\/uploads\/2023\/01\/20230724_220307-300x135.jpg 300w, https:\/\/djk-fc-sesslach.de\/wp-content\/uploads\/2023\/01\/20230724_220307-1024x461.jpg 1024w, https:\/\/djk-fc-sesslach.de\/wp-content\/uploads\/2023\/01\/20230724_220307-768x346.jpg 768w, https:\/\/djk-fc-sesslach.de\/wp-content\/uploads\/2023\/01\/20230724_220307-1536x691.jpg 1536w, https:\/\/djk-fc-sesslach.de\/wp-content\/uploads\/2023\/01\/20230724_220307-2048x922.jpg 2048w, https:\/\/djk-fc-sesslach.de\/wp-content\/uploads\/2023\/01\/20230724_220307-1160x522.jpg 1160w\" sizes=\"auto, (max-width: 300px) 100vw, 300px\" \/><\/p>\n<p><img loading=\"lazy\" decoding=\"async\" class=\"size-medium wp-image-3530 alignright\" src=\"https:\/\/djk-fc-sesslach.de\/wp-content\/uploads\/2023\/01\/20230724_220436-300x135.jpg\" alt=\"\" width=\"300\" height=\"135\" srcset=\"https:\/\/djk-fc-sesslach.de\/wp-content\/uploads\/2023\/01\/20230724_220436-300x135.jpg 300w, https:\/\/djk-fc-sesslach.de\/wp-content\/uploads\/2023\/01\/20230724_220436-1024x461.jpg 1024w, https:\/\/djk-fc-sesslach.de\/wp-content\/uploads\/2023\/01\/20230724_220436-768x346.jpg 768w, https:\/\/djk-fc-sesslach.de\/wp-content\/uploads\/2023\/01\/20230724_220436-1536x691.jpg 1536w, https:\/\/djk-fc-sesslach.de\/wp-content\/uploads\/2023\/01\/20230724_220436-2048x922.jpg 2048w, https:\/\/djk-fc-sesslach.de\/wp-content\/uploads\/2023\/01\/20230724_220436-1160x522.jpg 1160w\" sizes=\"auto, (max-width: 300px) 100vw, 300px\" \/><\/p>\n","protected":false},"excerpt":{"rendered":"<p>Vorhaben: \u201eKSI: Sanierung der Flutlichtbeleuchtung auf der Sportanlage der DJK\/FC Se\u00dflach.\u201c F\u00f6rderkennzeichen: 67K19892 Bewilligungszeitraum: 01.01.2023 bis 31.12.2023 Ziel und Inhalt des Vorhabens: Durch die Umstellung der Flutlichtbeleuchtung von Halogen-Metalldampflampen auf LED-Scheinwerfer k\u00f6nnen Treibhausgasemissionen nachhaltig gesenkt und die Energie(Strom-)kosten deutlich reduziert werden. Zudem haben die LED-Scheinwerfer eine l\u00e4ngere Lebensdauer, sind \u2013 je nach Bedarf \u2013 stufenlos dimmbar, leuchten den Platz besser aus und das LED-Licht ist wegen fehlender UV-Strahlung insektenfreundlich. Eine Mastenpr\u00fcfung hat ergeben, dass die Standsicherheit der Stahlmasten auch weiterhin gew\u00e4hrleistet ist. Vorhabensbeteiligte: Aus Mitteln der Nationalen Klimaschutzinitiative wurde eine Zuwendung in H\u00f6he von 12.320 \u20ac bewilligt, deren Abwicklung die Zukunft-Umwelt-Gesellschaft (ZUG) gGmbH \u00fcbernimmt. Aus Mitteln des Freistaates Bayern wird eine F\u00f6rderung f\u00fcr den Sportst\u00e4ttenbau von Vereinen in H\u00f6he von 12.319 \u20ac erwartet. Der Bayer. Landessportverband e.V. hat die Genehmigung zum vorzeitigen Baubeginn mit Bescheid vom 29.07.2022 erteilt. Die Mastenpr\u00fcfung hat die DEKRA Automobil GmbH in W\u00fcrzburg vorgenommen. Die Umr\u00fcstung der Flutlichtanlage erfolgt voraussichtlich im Juli 2023 durch die Vogel Elektrotechnik GmbH &amp; Co. KG in Sulzemoos, die das wirtschaftlichste Angebot abgegeben hat. www.klimaschutz.de\/kommunalrichtlinie &nbsp; Nationale Klimaschutzinitiative Mit der Nationalen Klimaschutzinitiative initiiert und f\u00f6rdert die Bundesregierung seit 2008 zahlreiche Projekte, die einen Beitrag zur Senkung der Treibhausgasemissionen leisten. Ihre Programme und Projekte decken ein breites Spektrum an Klimaschutzaktivit\u00e4ten ab: Von der Entwicklung langfristiger Strategien bis hin zu konkreten Hilfestellungen und investiven F\u00f6rderma\u00dfnahmen. Diese Vielfalt ist Garant f\u00fcr gute Ideen. Die Nationale Klimaschutzinitiative tr\u00e4gt zu einer Verankerung des Klimaschutzes vor Ort bei. Von ihr profitieren Verbraucherinnen und Verbraucher ebenso wie Unternehmen, Kommunen oder Bildungseinrichtungen. &nbsp;<\/p>\n","protected":false},"author":2,"featured_media":0,"comment_status":"closed","ping_status":"closed","sticky":false,"template":"","format":"standard","meta":{"footnotes":""},"categories":[90],"tags":[],"class_list":["post-3491","post","type-post","status-publish","format-standard","hentry","category-news-2023"],"acf":[],"_links":{"self":[{"href":"https:\/\/djk-fc-sesslach.de\/index.php\/wp-json\/wp\/v2\/posts\/3491","targetHints":{"allow":["GET"]}}],"collection":[{"href":"https:\/\/djk-fc-sesslach.de\/index.php\/wp-json\/wp\/v2\/posts"}],"about":[{"href":"https:\/\/djk-fc-sesslach.de\/index.php\/wp-json\/wp\/v2\/types\/post"}],"author":[{"embeddable":true,"href":"https:\/\/djk-fc-sesslach.de\/index.php\/wp-json\/wp\/v2\/users\/2"}],"replies":[{"embeddable":true,"href":"https:\/\/djk-fc-sesslach.de\/index.php\/wp-json\/wp\/v2\/comments?post=3491"}],"version-history":[{"count":9,"href":"https:\/\/djk-fc-sesslach.de\/index.php\/wp-json\/wp\/v2\/posts\/3491\/revisions"}],"predecessor-version":[{"id":3533,"href":"https:\/\/djk-fc-sesslach.de\/index.php\/wp-json\/wp\/v2\/posts\/3491\/revisions\/3533"}],"wp:attachment":[{"href":"https:\/\/djk-fc-sesslach.de\/index.php\/wp-json\/wp\/v2\/media?parent=3491"}],"wp:term":[{"taxonomy":"category","embeddable":true,"href":"https:\/\/djk-fc-sesslach.de\/index.php\/wp-json\/wp\/v2\/categories?post=3491"},{"taxonomy":"post_tag","embeddable":true,"href":"https:\/\/djk-fc-sesslach.de\/index.php\/wp-json\/wp\/v2\/tags?post=3491"}],"curies":[{"name":"wp","href":"https:\/\/api.w.org\/{rel}","templated":true}]}}