{"id":3598,"date":"2023-10-23T14:55:37","date_gmt":"2023-10-23T13:55:37","guid":{"rendered":"https:\/\/djk-fc-sesslach.de\/?p=3598"},"modified":"2024-01-30T13:10:19","modified_gmt":"2024-01-30T12:10:19","slug":"trainerwechsel","status":"publish","type":"post","link":"https:\/\/djk-fc-sesslach.de\/index.php\/2023\/10\/23\/trainerwechsel\/","title":{"rendered":"Trainerwechsel"},"content":{"rendered":"<p>Die Zusammenarbeit mit Patrick Reuter ist mit Beginn der R\u00fcckrunde im beidseitigen Einvernehmen beendet worden.<\/p>\n<p>Wir w\u00fcnschen Patrick auf seiner weiteren sportlichen Laufbahn alles Gute!<\/p>\n<p>Bis zur Winterpause \u00fcbernimmt Tobias Kandzia interimsm\u00e4\u00dfig den Posten als Spielertrainer.<\/p>\n","protected":false},"excerpt":{"rendered":"<p>Die Zusammenarbeit mit Patrick Reuter ist mit Beginn der R\u00fcckrunde im beidseitigen Einvernehmen beendet worden. Wir w\u00fcnschen Patrick auf seiner weiteren sportlichen Laufbahn alles Gute! Bis zur Winterpause \u00fcbernimmt Tobias Kandzia interimsm\u00e4\u00dfig den Posten als Spielertrainer.<\/p>\n","protected":false},"author":4,"featured_media":0,"comment_status":"closed","ping_status":"closed","sticky":false,"template":"","format":"standard","meta":{"footnotes":""},"categories":[90],"tags":[],"class_list":["post-3598","post","type-post","status-publish","format-standard","hentry","category-news-2023"],"acf":[],"_links":{"self":[{"href":"https:\/\/djk-fc-sesslach.de\/index.php\/wp-json\/wp\/v2\/posts\/3598","targetHints":{"allow":["GET"]}}],"collection":[{"href":"https:\/\/djk-fc-sesslach.de\/index.php\/wp-json\/wp\/v2\/posts"}],"about":[{"href":"https:\/\/djk-fc-sesslach.de\/index.php\/wp-json\/wp\/v2\/types\/post"}],"author":[{"embeddable":true,"href":"https:\/\/djk-fc-sesslach.de\/index.php\/wp-json\/wp\/v2\/users\/4"}],"replies":[{"embeddable":true,"href":"https:\/\/djk-fc-sesslach.de\/index.php\/wp-json\/wp\/v2\/comments?post=3598"}],"version-history":[{"count":1,"href":"https:\/\/djk-fc-sesslach.de\/index.php\/wp-json\/wp\/v2\/posts\/3598\/revisions"}],"predecessor-version":[{"id":3599,"href":"https:\/\/djk-fc-sesslach.de\/index.php\/wp-json\/wp\/v2\/posts\/3598\/revisions\/3599"}],"wp:attachment":[{"href":"https:\/\/djk-fc-sesslach.de\/index.php\/wp-json\/wp\/v2\/media?parent=3598"}],"wp:term":[{"taxonomy":"category","embeddable":true,"href":"https:\/\/djk-fc-sesslach.de\/index.php\/wp-json\/wp\/v2\/categories?post=3598"},{"taxonomy":"post_tag","embeddable":true,"href":"https:\/\/djk-fc-sesslach.de\/index.php\/wp-json\/wp\/v2\/tags?post=3598"}],"curies":[{"name":"wp","href":"https:\/\/api.w.org\/{rel}","templated":true}]}}