{"id":3693,"date":"2024-04-17T16:36:38","date_gmt":"2024-04-17T15:36:38","guid":{"rendered":"https:\/\/djk-fc-sesslach.de\/?p=3693"},"modified":"2024-06-12T07:31:26","modified_gmt":"2024-06-12T06:31:26","slug":"gruendung-der-abteilung-maedchenfussball","status":"publish","type":"post","link":"https:\/\/djk-fc-sesslach.de\/index.php\/2024\/04\/17\/gruendung-der-abteilung-maedchenfussball\/","title":{"rendered":"Gr\u00fcndung der Abteilung &#8222;M\u00e4dchenfu\u00dfball"},"content":{"rendered":"<div class=\"x11i5rnm xat24cr x1mh8g0r x1vvkbs xtlvy1s x126k92a\">\n<div dir=\"auto\"><strong>Nachdem wir seit etwa einem Jahr M\u00e4dchenfu\u00dfball anbieten<\/strong> wurde bei der Jahreshauptversammlung am 12.04.24 nun auch offiziell eine separate Abteilung daf\u00fcr gegr\u00fcndet.<\/div>\n<div dir=\"auto\"><\/div>\n<\/div>\n<div class=\"x11i5rnm xat24cr x1mh8g0r x1vvkbs xtlvy1s x126k92a\">\n<div dir=\"auto\">Abteilungsleiter: <strong>Daniel M\u00fcller<\/strong><\/div>\n<div dir=\"auto\">Stellv. Abteilungsleiterin:<strong> Christine M\u00fcller<\/strong><\/div>\n<div dir=\"auto\"><\/div>\n<\/div>\n<div class=\"x11i5rnm xat24cr x1mh8g0r x1vvkbs xtlvy1s x126k92a\">\n<div dir=\"auto\">Mittlerweile spielen bei uns <strong>19 M\u00e4dels aktiv Fu\u00dfball<\/strong>. Im Spielbetrieb haben wir derzeit folgendes Team:<\/div>\n<div dir=\"auto\">D-Juniorinnen\/U13 (JG 2011 und j\u00fcnger) &#8211; au\u00dferdem spielen wir Spiele\/Wettbewerbe der E-Juniorinnen\/U11 (JG 2013 und j\u00fcnger).<\/div>\n<div dir=\"auto\"><\/div>\n<\/div>\n<div class=\"x11i5rnm xat24cr x1mh8g0r x1vvkbs xtlvy1s x126k92a\">\n<div dir=\"auto\">Zur neuen Saison 2024\/25 werden wir sogar ein zus\u00e4tzliches Team melden und haben dann die nachfolgenden Altersklassen:<\/div>\n<ul>\n<li dir=\"auto\">C-Juniorinnen\/U15 (JG 2010 und j\u00fcnger)<\/li>\n<li dir=\"auto\">D-Juniorinnen\/U13 (JG 2012 und j\u00fcnger)<\/li>\n<li dir=\"auto\">E-Juniorinnen\/U11 (JG 2014 und j\u00fcnger)<\/li>\n<\/ul>\n<\/div>\n<div class=\"x11i5rnm xat24cr x1mh8g0r x1vvkbs xtlvy1s x126k92a\">\n<div dir=\"auto\">Wir m\u00f6chten deshalb gerne noch weitere M\u00e4dels f\u00fcr den M\u00e4dchenfu\u00dfball begeistern.<\/div>\n<\/div>\n<div class=\"x11i5rnm xat24cr x1mh8g0r x1vvkbs xtlvy1s x126k92a\">\n<div dir=\"auto\"><img loading=\"lazy\" decoding=\"async\" class=\"size-medium wp-image-3694 alignleft\" src=\"https:\/\/djk-fc-sesslach.de\/wp-content\/uploads\/2024\/04\/Mueller-240x300.jpg\" alt=\"\" width=\"240\" height=\"300\" srcset=\"https:\/\/djk-fc-sesslach.de\/wp-content\/uploads\/2024\/04\/Mueller-240x300.jpg 240w, https:\/\/djk-fc-sesslach.de\/wp-content\/uploads\/2024\/04\/Mueller.jpg 720w\" sizes=\"auto, (max-width: 240px) 100vw, 240px\" \/><\/div>\n<\/div>\n","protected":false},"excerpt":{"rendered":"<p>Nachdem wir seit etwa einem Jahr M\u00e4dchenfu\u00dfball anbieten wurde bei der Jahreshauptversammlung am 12.04.24 nun auch offiziell eine separate Abteilung daf\u00fcr gegr\u00fcndet. Abteilungsleiter: Daniel M\u00fcller Stellv. Abteilungsleiterin: Christine M\u00fcller Mittlerweile spielen bei uns 19 M\u00e4dels aktiv Fu\u00dfball. Im Spielbetrieb haben wir derzeit folgendes Team: D-Juniorinnen\/U13 (JG 2011 und j\u00fcnger) &#8211; au\u00dferdem spielen wir Spiele\/Wettbewerbe der E-Juniorinnen\/U11 (JG 2013 und j\u00fcnger). Zur neuen Saison 2024\/25 werden wir sogar ein zus\u00e4tzliches Team melden und haben dann die nachfolgenden Altersklassen: C-Juniorinnen\/U15 (JG 2010 und j\u00fcnger) D-Juniorinnen\/U13 (JG 2012 und j\u00fcnger) E-Juniorinnen\/U11 (JG 2014 und j\u00fcnger) Wir m\u00f6chten deshalb gerne noch weitere M\u00e4dels f\u00fcr den M\u00e4dchenfu\u00dfball begeistern.<\/p>\n","protected":false},"author":1,"featured_media":0,"comment_status":"closed","ping_status":"closed","sticky":false,"template":"","format":"standard","meta":{"footnotes":""},"categories":[97],"tags":[],"class_list":["post-3693","post","type-post","status-publish","format-standard","hentry","category-news24"],"acf":[],"_links":{"self":[{"href":"https:\/\/djk-fc-sesslach.de\/index.php\/wp-json\/wp\/v2\/posts\/3693","targetHints":{"allow":["GET"]}}],"collection":[{"href":"https:\/\/djk-fc-sesslach.de\/index.php\/wp-json\/wp\/v2\/posts"}],"about":[{"href":"https:\/\/djk-fc-sesslach.de\/index.php\/wp-json\/wp\/v2\/types\/post"}],"author":[{"embeddable":true,"href":"https:\/\/djk-fc-sesslach.de\/index.php\/wp-json\/wp\/v2\/users\/1"}],"replies":[{"embeddable":true,"href":"https:\/\/djk-fc-sesslach.de\/index.php\/wp-json\/wp\/v2\/comments?post=3693"}],"version-history":[{"count":4,"href":"https:\/\/djk-fc-sesslach.de\/index.php\/wp-json\/wp\/v2\/posts\/3693\/revisions"}],"predecessor-version":[{"id":3743,"href":"https:\/\/djk-fc-sesslach.de\/index.php\/wp-json\/wp\/v2\/posts\/3693\/revisions\/3743"}],"wp:attachment":[{"href":"https:\/\/djk-fc-sesslach.de\/index.php\/wp-json\/wp\/v2\/media?parent=3693"}],"wp:term":[{"taxonomy":"category","embeddable":true,"href":"https:\/\/djk-fc-sesslach.de\/index.php\/wp-json\/wp\/v2\/categories?post=3693"},{"taxonomy":"post_tag","embeddable":true,"href":"https:\/\/djk-fc-sesslach.de\/index.php\/wp-json\/wp\/v2\/tags?post=3693"}],"curies":[{"name":"wp","href":"https:\/\/api.w.org\/{rel}","templated":true}]}}