{"id":3922,"date":"2024-11-29T12:05:07","date_gmt":"2024-11-29T11:05:07","guid":{"rendered":"https:\/\/djk-fc-sesslach.de\/?p=3922"},"modified":"2025-04-21T11:26:55","modified_gmt":"2025-04-21T10:26:55","slug":"maedchenfussball","status":"publish","type":"post","link":"https:\/\/djk-fc-sesslach.de\/index.php\/2024\/11\/29\/maedchenfussball\/","title":{"rendered":"M\u00e4dchenfu\u00dfball"},"content":{"rendered":"<div class=\"xdj266r x11i5rnm xat24cr x1mh8g0r x1vvkbs x126k92a\">\n<div dir=\"auto\" style=\"text-align: center;\"><span class=\"html-span xdj266r x11i5rnm xat24cr x1mh8g0r xexx8yu x4uap5 x18d9i69 xkhd6sd x1hl2dhg x16tdsg8 x1vvkbs\"><a class=\"x1i10hfl xjbqb8w x1ejq31n xd10rxx x1sy0etr x17r0tee x972fbf xcfux6l x1qhh985 xm0m39n x9f619 x1ypdohk xt0psk2 xe8uvvx xdj266r x11i5rnm xat24cr x1mh8g0r xexx8yu x4uap5 x18d9i69 xkhd6sd x16tdsg8 x1hl2dhg xggy1nq x1a2a7pz x1sur9pj xkrqix3 x1fey0fg x1s688f\" tabindex=\"0\" role=\"link\" href=\"https:\/\/www.facebook.com\/hashtag\/lasstsiespielen?__eep__=6&amp;__cft__[0]=AZXGTBD4Z6IsfMyf-pn_-0gTI8BkXVf1LxymFtVqzYWtEfSbhfwZak7t2EsDdyT5_2f_oUZKsyefKI7d7AJH6qjzRjYzBk9_-nEa_TPFdLGTtz821vY5muxqWN00-P-OKqGYOearxWOLIRG01AnA7R8BvDczEcXXyHCel0HbVjAuRjGJFZFaDVL1Q5MNNimC75s&amp;__tn__=*NK-R\">#Lasstsiespielen<\/a><\/span> durchgespielt: Daniel M\u00fcller von der DJK\/FC 1922 Se\u00dflach aus Oberfranken hat mithilfe der M\u00e4dchenfu\u00dfball-Kampagne des Bayerischen Fu\u00dfball-Verbandes (BFV) drei M\u00e4dchenteams mit insgesamt \u00fcber 30 M\u00e4dchen gegr\u00fcndet \u2013 und hat weiterhin Gro\u00dfes vor.<\/div>\n<\/div>\n<div class=\"x11i5rnm xat24cr x1mh8g0r x1vvkbs xtlvy1s x126k92a\" style=\"text-align: center;\">\n<div dir=\"auto\">Den kompletten Artikel gibt es hier:<\/div>\n<div dir=\"auto\"><\/div>\n<div dir=\"auto\"><span class=\"html-span xdj266r x11i5rnm xat24cr x1mh8g0r xexx8yu x4uap5 x18d9i69 xkhd6sd x1hl2dhg x16tdsg8 x1vvkbs\"><a class=\"x1i10hfl xjbqb8w x1ejq31n xd10rxx x1sy0etr x17r0tee x972fbf xcfux6l x1qhh985 xm0m39n x9f619 x1ypdohk xt0psk2 xe8uvvx xdj266r x11i5rnm xat24cr x1mh8g0r xexx8yu x4uap5 x18d9i69 xkhd6sd x16tdsg8 x1hl2dhg xggy1nq x1a2a7pz x1sur9pj xkrqix3 x1fey0fg x1s688f\" tabindex=\"0\" role=\"link\" href=\"https:\/\/www.bfv.de\/news\/lasstsiespielen\/2024\/11\/bfv-kampagne-beschert-der-djk-fc-sesslach-31-neue-madels?fbclid=IwZXh0bgNhZW0CMTAAAR1PXnzCQNDWw7DSwWzSFxW1zONZlICOQG8qoe8ZVEZw1CayuUZaREfrGMQ_aem_wcsgsDxEpO8XPMu7nNY5Sw\" target=\"_blank\" rel=\"nofollow noopener\">https:\/\/www.bfv.de\/&#8230;\/bfv-kampagne-beschert-der-djk-fc&#8230;<\/a><\/span><\/div>\n<\/div>\n<div class=\"x11i5rnm xat24cr x1mh8g0r x1vvkbs xtlvy1s x126k92a\">\n<div dir=\"auto\"><\/div>\n<div dir=\"auto\" style=\"text-align: center;\">Du bist auch interessiert? Dann melde dich gerne bei Daniel M\u00fcller (Tel.: +49 173 9555500)<\/div>\n<\/div>\n<div dir=\"auto\"><\/div>\n<div dir=\"auto\"><img loading=\"lazy\" decoding=\"async\" class=\"aligncenter wp-image-3923 size-medium\" src=\"https:\/\/djk-fc-sesslach.de\/wp-content\/uploads\/2024\/11\/Daniel-300x200.jpg\" alt=\"\" width=\"300\" height=\"200\" srcset=\"https:\/\/djk-fc-sesslach.de\/wp-content\/uploads\/2024\/11\/Daniel-300x200.jpg 300w, https:\/\/djk-fc-sesslach.de\/wp-content\/uploads\/2024\/11\/Daniel-1024x682.jpg 1024w, https:\/\/djk-fc-sesslach.de\/wp-content\/uploads\/2024\/11\/Daniel-768x512.jpg 768w, https:\/\/djk-fc-sesslach.de\/wp-content\/uploads\/2024\/11\/Daniel-1160x773.jpg 1160w, https:\/\/djk-fc-sesslach.de\/wp-content\/uploads\/2024\/11\/Daniel.jpg 1376w\" sizes=\"auto, (max-width: 300px) 100vw, 300px\" \/><\/div>\n","protected":false},"excerpt":{"rendered":"<p>#Lasstsiespielen durchgespielt: Daniel M\u00fcller von der DJK\/FC 1922 Se\u00dflach aus Oberfranken hat mithilfe der M\u00e4dchenfu\u00dfball-Kampagne des Bayerischen Fu\u00dfball-Verbandes (BFV) drei M\u00e4dchenteams mit insgesamt \u00fcber 30 M\u00e4dchen gegr\u00fcndet \u2013 und hat weiterhin Gro\u00dfes vor. Den kompletten Artikel gibt es hier: https:\/\/www.bfv.de\/&#8230;\/bfv-kampagne-beschert-der-djk-fc&#8230; Du bist auch interessiert? Dann melde dich gerne bei Daniel M\u00fcller (Tel.: +49 173 9555500)<\/p>\n","protected":false},"author":2,"featured_media":0,"comment_status":"closed","ping_status":"closed","sticky":false,"template":"","format":"standard","meta":{"footnotes":""},"categories":[97],"tags":[],"class_list":["post-3922","post","type-post","status-publish","format-standard","hentry","category-news24"],"acf":[],"_links":{"self":[{"href":"https:\/\/djk-fc-sesslach.de\/index.php\/wp-json\/wp\/v2\/posts\/3922","targetHints":{"allow":["GET"]}}],"collection":[{"href":"https:\/\/djk-fc-sesslach.de\/index.php\/wp-json\/wp\/v2\/posts"}],"about":[{"href":"https:\/\/djk-fc-sesslach.de\/index.php\/wp-json\/wp\/v2\/types\/post"}],"author":[{"embeddable":true,"href":"https:\/\/djk-fc-sesslach.de\/index.php\/wp-json\/wp\/v2\/users\/2"}],"replies":[{"embeddable":true,"href":"https:\/\/djk-fc-sesslach.de\/index.php\/wp-json\/wp\/v2\/comments?post=3922"}],"version-history":[{"count":1,"href":"https:\/\/djk-fc-sesslach.de\/index.php\/wp-json\/wp\/v2\/posts\/3922\/revisions"}],"predecessor-version":[{"id":3924,"href":"https:\/\/djk-fc-sesslach.de\/index.php\/wp-json\/wp\/v2\/posts\/3922\/revisions\/3924"}],"wp:attachment":[{"href":"https:\/\/djk-fc-sesslach.de\/index.php\/wp-json\/wp\/v2\/media?parent=3922"}],"wp:term":[{"taxonomy":"category","embeddable":true,"href":"https:\/\/djk-fc-sesslach.de\/index.php\/wp-json\/wp\/v2\/categories?post=3922"},{"taxonomy":"post_tag","embeddable":true,"href":"https:\/\/djk-fc-sesslach.de\/index.php\/wp-json\/wp\/v2\/tags?post=3922"}],"curies":[{"name":"wp","href":"https:\/\/api.w.org\/{rel}","templated":true}]}}