{"id":3960,"date":"2025-01-14T19:26:44","date_gmt":"2025-01-14T18:26:44","guid":{"rendered":"https:\/\/djk-fc-sesslach.de\/?p=3960"},"modified":"2025-02-26T17:55:34","modified_gmt":"2025-02-26T16:55:34","slug":"vorbereitung-fussballabteilung","status":"publish","type":"post","link":"https:\/\/djk-fc-sesslach.de\/index.php\/2025\/01\/14\/vorbereitung-fussballabteilung\/","title":{"rendered":"Vorbereitung Fu\u00dfballabteilung"},"content":{"rendered":"<p style=\"text-align: center;\">Aufgewacht \u2013 die Winterpause ist fast vorbei. Die Vorbereitung unserer Fu\u00dfballabteilung beginnt am 28.01.2025!<\/p>\n<p style=\"text-align: center;\"><img loading=\"lazy\" decoding=\"async\" class=\" wp-image-3961 aligncenter\" src=\"https:\/\/djk-fc-sesslach.de\/wp-content\/uploads\/2025\/01\/Vorbereitung-240x300.jpg\" alt=\"\" width=\"548\" height=\"685\" srcset=\"https:\/\/djk-fc-sesslach.de\/wp-content\/uploads\/2025\/01\/Vorbereitung-240x300.jpg 240w, https:\/\/djk-fc-sesslach.de\/wp-content\/uploads\/2025\/01\/Vorbereitung-819x1024.jpg 819w, https:\/\/djk-fc-sesslach.de\/wp-content\/uploads\/2025\/01\/Vorbereitung-768x960.jpg 768w, https:\/\/djk-fc-sesslach.de\/wp-content\/uploads\/2025\/01\/Vorbereitung.jpg 1080w\" sizes=\"auto, (max-width: 548px) 100vw, 548px\" \/><\/p>\n<p style=\"text-align: center;\"><img decoding=\"async\" id=\"editorpic_1736878810429\" class=\"medq\" title=\"\" src=\"https:\/\/cmsweb.wittich.de\/ckfinder\/core\/connector\/php\/connector.php?command=Thumbnail&amp;type=Bilder&amp;currentFolder=\/&amp;FileName=vorbereitung.jpg\" alt=\"\" data-printablesize=\"114\" data-confirm1=\"true\" data-confirm2=\"true\" data-confirm3=\"true\" data-ispdf=\"false\" data-photographer=\"Franziska Schaller\" data-print=\"true\" data-show-photographer-single=\"false\" data-cke-saved-src=\"https:\/\/cmsweb.wittich.de\/ckfinder\/core\/connector\/php\/connector.php?command=Thumbnail&amp;type=Bilder&amp;currentFolder=\/&amp;FileName=vorbereitung.jpg\" \/><\/p>\n<p style=\"text-align: center;\"><strong>Informationen zu den Testspielen: <\/strong><\/p>\n<p style=\"text-align: center;\">02.02.2025 um 14 Uhr in Memmelsdorf<br \/>\n09.02.2025 um 14 Uhr in Se\u00dflach<br \/>\n23.02.2025 um 14 Uhr in Se\u00dflach<br \/>\n28.02.2025 um 19 Uhr in Gro\u00dfgarnstadt<\/p>\n<p style=\"text-align: center;\">Die R\u00fcckrunde beginnt am 09.03.2025.<\/p>\n<p style=\"text-align: center;\">\u00dcber \u00c4nderungen informieren wir euch auf SocialMedia!<\/p>\n","protected":false},"excerpt":{"rendered":"<p>Aufgewacht \u2013 die Winterpause ist fast vorbei. Die Vorbereitung unserer Fu\u00dfballabteilung beginnt am 28.01.2025! Informationen zu den Testspielen: 02.02.2025 um 14 Uhr in Memmelsdorf 09.02.2025 um 14 Uhr in Se\u00dflach 23.02.2025 um 14 Uhr in Se\u00dflach 28.02.2025 um 19 Uhr in Gro\u00dfgarnstadt Die R\u00fcckrunde beginnt am 09.03.2025. \u00dcber \u00c4nderungen informieren wir euch auf SocialMedia!<\/p>\n","protected":false},"author":4,"featured_media":0,"comment_status":"closed","ping_status":"closed","sticky":false,"template":"","format":"standard","meta":{"footnotes":""},"categories":[1],"tags":[],"class_list":["post-3960","post","type-post","status-publish","format-standard","hentry","category-uncategorized"],"acf":[],"_links":{"self":[{"href":"https:\/\/djk-fc-sesslach.de\/index.php\/wp-json\/wp\/v2\/posts\/3960","targetHints":{"allow":["GET"]}}],"collection":[{"href":"https:\/\/djk-fc-sesslach.de\/index.php\/wp-json\/wp\/v2\/posts"}],"about":[{"href":"https:\/\/djk-fc-sesslach.de\/index.php\/wp-json\/wp\/v2\/types\/post"}],"author":[{"embeddable":true,"href":"https:\/\/djk-fc-sesslach.de\/index.php\/wp-json\/wp\/v2\/users\/4"}],"replies":[{"embeddable":true,"href":"https:\/\/djk-fc-sesslach.de\/index.php\/wp-json\/wp\/v2\/comments?post=3960"}],"version-history":[{"count":3,"href":"https:\/\/djk-fc-sesslach.de\/index.php\/wp-json\/wp\/v2\/posts\/3960\/revisions"}],"predecessor-version":[{"id":3977,"href":"https:\/\/djk-fc-sesslach.de\/index.php\/wp-json\/wp\/v2\/posts\/3960\/revisions\/3977"}],"wp:attachment":[{"href":"https:\/\/djk-fc-sesslach.de\/index.php\/wp-json\/wp\/v2\/media?parent=3960"}],"wp:term":[{"taxonomy":"category","embeddable":true,"href":"https:\/\/djk-fc-sesslach.de\/index.php\/wp-json\/wp\/v2\/categories?post=3960"},{"taxonomy":"post_tag","embeddable":true,"href":"https:\/\/djk-fc-sesslach.de\/index.php\/wp-json\/wp\/v2\/tags?post=3960"}],"curies":[{"name":"wp","href":"https:\/\/api.w.org\/{rel}","templated":true}]}}