{"id":528,"date":"2019-04-01T08:04:30","date_gmt":"2019-04-01T08:04:30","guid":{"rendered":"https:\/\/djk-fc-sesslach.de\/?p=528"},"modified":"2019-04-08T17:44:03","modified_gmt":"2019-04-08T17:44:03","slug":"djk-fc-i-zittert-sich-zum-21-sieg-gegen-den-ltv-gauerstadt","status":"publish","type":"post","link":"https:\/\/djk-fc-sesslach.de\/index.php\/2019\/04\/01\/djk-fc-i-zittert-sich-zum-21-sieg-gegen-den-ltv-gauerstadt\/","title":{"rendered":"DJK\/FC I zittert sich zum 2:1-Sieg gegen den LTV Gauerstadt"},"content":{"rendered":"<p>Die 1. Mannschaft holt mit einem gl\u00fccklichen 2:1-Arbeitssieg in Gauerstadt drei wichtige Punkte im Aufstiegsrennen.<\/p>\n<p>Nach fr\u00fchem R\u00fcckstand kam Se\u00dflach nicht ins Spiel. Zumeist wurde zu langsam und zu beh\u00e4big agiert und die wenigen Chancen zu \u00fcberhastet vergeben.<\/p>\n<p>Eine leichte Leistungssteigerung nach dem Seitenwechsel und Tore von Mehmet Ciray und Marcel Eckstein jeweils per Kopf reichten, um das Spiel zu drehen. Basti M\u00fcller hatte noch Pech mit einem Lattenschuss und h\u00e4tte da f\u00fcr die Entscheidung sorgen k\u00f6nnen. Der Sieg kam zu Schlu\u00df sogar noch mal in Gefahr, da die aufopferungsvoll k\u00e4mpfenden Hausherren nochmal alles nach vorn warfen, aber nicht mehr zum entscheidenden Abschluss kamen.<\/p>\n<p>Letztendlich zwar drei Punkte, aber in den n\u00e4chsten Wochen bedarf es dringend einer Leistungssteigerung.<\/p>\n<p>&nbsp;<\/p>\n<p>Das Spiel der zweiten Mannschaft wurde im Vorfeld auf den 25.04.2019 verlegt, da die Hausherren an diesem Sonntag keine Mannschaft stellen konnten.<\/p>\n","protected":false},"excerpt":{"rendered":"<p>Die 1. Mannschaft holt mit einem gl\u00fccklichen 2:1-Arbeitssieg in Gauerstadt drei wichtige Punkte im Aufstiegsrennen. Nach fr\u00fchem R\u00fcckstand kam Se\u00dflach nicht ins Spiel. Zumeist wurde zu langsam und zu beh\u00e4big agiert und die wenigen Chancen zu \u00fcberhastet vergeben. Eine leichte Leistungssteigerung nach dem Seitenwechsel und Tore von Mehmet Ciray und Marcel Eckstein jeweils per Kopf reichten, um das Spiel zu drehen. Basti M\u00fcller hatte noch Pech mit einem Lattenschuss und h\u00e4tte da f\u00fcr die Entscheidung sorgen k\u00f6nnen. Der Sieg kam zu Schlu\u00df sogar noch mal in Gefahr, da die aufopferungsvoll k\u00e4mpfenden Hausherren nochmal alles nach vorn warfen, aber nicht mehr zum entscheidenden Abschluss kamen. Letztendlich zwar drei Punkte, aber in den n\u00e4chsten Wochen bedarf es dringend einer Leistungssteigerung. &nbsp; Das Spiel der zweiten Mannschaft wurde im Vorfeld auf den 25.04.2019 verlegt, da die Hausherren an diesem Sonntag keine Mannschaft stellen konnten.<\/p>\n","protected":false},"author":2,"featured_media":0,"comment_status":"closed","ping_status":"closed","sticky":false,"template":"","format":"standard","meta":{"footnotes":""},"categories":[3],"tags":[],"class_list":["post-528","post","type-post","status-publish","format-standard","hentry","category-startseide"],"acf":[],"_links":{"self":[{"href":"https:\/\/djk-fc-sesslach.de\/index.php\/wp-json\/wp\/v2\/posts\/528","targetHints":{"allow":["GET"]}}],"collection":[{"href":"https:\/\/djk-fc-sesslach.de\/index.php\/wp-json\/wp\/v2\/posts"}],"about":[{"href":"https:\/\/djk-fc-sesslach.de\/index.php\/wp-json\/wp\/v2\/types\/post"}],"author":[{"embeddable":true,"href":"https:\/\/djk-fc-sesslach.de\/index.php\/wp-json\/wp\/v2\/users\/2"}],"replies":[{"embeddable":true,"href":"https:\/\/djk-fc-sesslach.de\/index.php\/wp-json\/wp\/v2\/comments?post=528"}],"version-history":[{"count":2,"href":"https:\/\/djk-fc-sesslach.de\/index.php\/wp-json\/wp\/v2\/posts\/528\/revisions"}],"predecessor-version":[{"id":530,"href":"https:\/\/djk-fc-sesslach.de\/index.php\/wp-json\/wp\/v2\/posts\/528\/revisions\/530"}],"wp:attachment":[{"href":"https:\/\/djk-fc-sesslach.de\/index.php\/wp-json\/wp\/v2\/media?parent=528"}],"wp:term":[{"taxonomy":"category","embeddable":true,"href":"https:\/\/djk-fc-sesslach.de\/index.php\/wp-json\/wp\/v2\/categories?post=528"},{"taxonomy":"post_tag","embeddable":true,"href":"https:\/\/djk-fc-sesslach.de\/index.php\/wp-json\/wp\/v2\/tags?post=528"}],"curies":[{"name":"wp","href":"https:\/\/api.w.org\/{rel}","templated":true}]}}